{"id":251112,"date":"2026-08-13T10:50:10","date_gmt":"2026-08-13T10:50:10","guid":{"rendered":"https:\/\/www.europesays.com\/ee\/251112\/"},"modified":"2026-08-13T10:50:10","modified_gmt":"2026-08-13T10:50:10","slug":"pm-pariisis-ralf-tribuntsov-finaali-joudmiseks-tuleb-karpida-veel-kaks-kumnendikku-see-on-voimalik-postimees-sport","status":"publish","type":"post","link":"https:\/\/www.europesays.com\/ee\/251112\/","title":{"rendered":"PM PARIISIS Ralf Tribuntsov: finaali j\u00f5udmiseks tuleb k\u00e4rpida veel kaks k\u00fcmnendikku, see on v\u00f5imalik &#8211; Postimees Sport"},"content":{"rendered":"<ol>\n<li><a href=\"https:\/\/news.google.com\/rss\/articles\/CBMizgFBVV95cUxQcGxXU3BPQ2JCMmljUEZfMGt6NnBXaHBkWm1ZS2xnYWJqUlpjcjRFLTFQdDdMSnFGT2NiUEhSUXpxbE1wQ1BWUF8yNy1OV1ZTNlgtN3JJQnNtM09pSDhpTTRHSURTeFBKOG5YblkwYVpkSTFLUFIzUkxveHYtWFdKZExsa3Rad0hZSE5CTmdFV0JtNmFUVXh3UGxPWHJ2VkhXckJ2X1VOenpBMkF6cjhCZDUxRjEyWGFGSDJMSklybDM2SVNhLUJPc0tCN19XZw?oc=5\" target=\"_blank\" rel=\"nofollow noopener\">PM PARIISIS Ralf Tribuntsov: finaali j\u00f5udmiseks tuleb k\u00e4rpida veel kaks k\u00fcmnendikku, see on v\u00f5imalik<\/a>&nbsp;&nbsp;Postimees Sport<\/li>\n<li><a href=\"https:\/\/news.google.com\/rss\/articles\/CBMijgFBVV95cUxON0FSR2pyWHpFQ0gzZkF1WTZFYUJ4c1Bpamo3dVU3eTJQc0JCcS1kZ01la09Da2dCN3BfakI2RF9HZVNOU1Y0dkFNTHRGeHAyWkpvTmlKSGo4QWQ4UE5jRGs5ODR0UU1UQ1B1ek5TZzR5ZG5aOGtQVVRBX2lLZEc3b0VYS2otdk5OUThadkNR?oc=5\" target=\"_blank\" rel=\"nofollow noopener\">Ralf Tribuntsov p\u00fcstitas Eesti rekordi ja p\u00e4\u00e4ses EMil poolfinaali<\/a>&nbsp;&nbsp;Delfi Sport<\/li>\n<li><a href=\"https:\/\/news.google.com\/rss\/articles\/CBMipAFBVV95cUxPVzZ4TTFnajFGN0M3WGhLS3hkZ1RXOUN4bTBwZi1NaTFObmdsR1BrLVlXTWRSMTJDb3lkRVk1YVY4dTNJTU03STlvaWdCZktFc0JNa0VYRm1DaER6c2h1dzlXaUE2MUdmUHZKOWZvSl8zY1NfV0RLWGk5SGFsbGd4TTFvbkdFaS1IRG1kbXlHemRPOFF5dHFQM3ZvX2tvWlhleDlSQQ?oc=5\" target=\"_blank\" rel=\"nofollow noopener\">Eesti rekordi ujunud Tribuntsov p\u00e4\u00e4ses enda p\u00f5hialal EM-il poolfinaali<\/a>&nbsp;&nbsp;sport.err.ee<\/li>\n<li><a href=\"https:\/\/news.google.com\/rss\/articles\/CBMiogFBVV95cUxOSzV6dU5JbXpYMWZFS0NHZURUNW5DQUZONHlQMkdxbHFYeTVTX3BaWTlnbGFiamlHb0x0S3R3MndvelFEcHlpVW1DUmRzcEVaYVk3b3llWTRxOUtyUnRTU2JtaERzQ1pLQnhqaUFocVdHVGJ2eEhXVHhkLXQtUUM5ZDJIN1A0ZnZWbXltOFpsU2RvNElmMk9MNFJFVTk5ckdIS2c?oc=5\" target=\"_blank\" rel=\"nofollow noopener\">OTSEBLOGI | Eneli Jefimova sai EM-il neljanda koha, medalist j\u00e4i lahutama viis sajandikku<\/a>&nbsp;&nbsp;Delfi Sport<\/li>\n<li><a href=\"https:\/\/news.google.com\/rss\/articles\/CBMimAFBVV95cUxNeEwxYmpHTDNVSUlyOTFZUFh4emU0TzRYbWRhaXRTRUJCak9CZGhHQ09wUUtnTTdDaTNDSUx6WjlMQ3l1c21IbktMckZzUFp3NTZmUzYzRnJMeUs0UFhKTDBFd3JjN1ZUV0dvcUxLTFlnM05mT2VNR2o0ZnFQRC1jbUZkaXVRT1ZQLXFTR0otQ01JOEM1OWNOaw?oc=5\" target=\"_blank\" rel=\"nofollow noopener\">Pariisi EM-ile s\u00f5idab Eesti ujujaid toetama 70-liikmeline f\u00e4nniseltskond<\/a>&nbsp;&nbsp;Head Uudised<\/li>\n<\/ol>\n","protected":false},"excerpt":{"rendered":"PM PARIISIS Ralf Tribuntsov: finaali j\u00f5udmiseks tuleb k\u00e4rpida veel kaks k\u00fcmnendikku, see on v\u00f5imalik&nbsp;&nbsp;Postimees Sport Ralf Tribuntsov p\u00fcstitas&hellip;\n","protected":false},"author":2,"featured_media":251113,"comment_status":"","ping_status":"","sticky":false,"template":"","format":"standard","meta":{"footnotes":"","_share_on_mastodon":"0"},"categories":[18],"tags":[5145,37,33,35,34,36,5129,159,158],"class_list":["post-251112","post","type-post","status-publish","format-standard","has-post-thumbnail","category-sport","tag-daniel-zaitsev","tag-ee","tag-eesti","tag-eesti-keel","tag-estonia","tag-estonian","tag-ralf-tribuntsov","tag-sport","tag-sports"],"share_on_mastodon":{"url":"https:\/\/pubeurope.com\/@ee\/117087818417447385","error":""},"_links":{"self":[{"href":"https:\/\/www.europesays.com\/ee\/wp-json\/wp\/v2\/posts\/251112","targetHints":{"allow":["GET"]}}],"collection":[{"href":"https:\/\/www.europesays.com\/ee\/wp-json\/wp\/v2\/posts"}],"about":[{"href":"https:\/\/www.europesays.com\/ee\/wp-json\/wp\/v2\/types\/post"}],"author":[{"embeddable":true,"href":"https:\/\/www.europesays.com\/ee\/wp-json\/wp\/v2\/users\/2"}],"replies":[{"embeddable":true,"href":"https:\/\/www.europesays.com\/ee\/wp-json\/wp\/v2\/comments?post=251112"}],"version-history":[{"count":0,"href":"https:\/\/www.europesays.com\/ee\/wp-json\/wp\/v2\/posts\/251112\/revisions"}],"wp:featuredmedia":[{"embeddable":true,"href":"https:\/\/www.europesays.com\/ee\/wp-json\/wp\/v2\/media\/251113"}],"wp:attachment":[{"href":"https:\/\/www.europesays.com\/ee\/wp-json\/wp\/v2\/media?parent=251112"}],"wp:term":[{"taxonomy":"category","embeddable":true,"href":"https:\/\/www.europesays.com\/ee\/wp-json\/wp\/v2\/categories?post=251112"},{"taxonomy":"post_tag","embeddable":true,"href":"https:\/\/www.europesays.com\/ee\/wp-json\/wp\/v2\/tags?post=251112"}],"curies":[{"name":"wp","href":"https:\/\/api.w.org\/{rel}","templated":true}]}}