{"id":251134,"date":"2026-08-13T11:11:07","date_gmt":"2026-08-13T11:11:07","guid":{"rendered":"https:\/\/www.europesays.com\/ee\/251134\/"},"modified":"2026-08-13T11:11:07","modified_gmt":"2026-08-13T11:11:07","slug":"stig-rasta-muusikud-istuvad-sageli-uksinda-oma-motete-vangis-raadio-2","status":"publish","type":"post","link":"https:\/\/www.europesays.com\/ee\/251134\/","title":{"rendered":"Stig R\u00e4sta: muusikud istuvad sageli \u00fcksinda oma m\u00f5tete vangis | Raadio 2"},"content":{"rendered":"<p>Muusik Stig R\u00e4sta r\u00e4\u00e4kis saates &#8220;R2 P\u00e4ev&#8221;, et loomingulisi inimesi segavateks teguriteks on \u00fclem\u00f5tlemine, enda v\u00f5rdlemine teiste artistidega ja mugavustsoonis istumine. R\u00e4sta s\u00f5nul istuvadki muusikud sageli omaenda m\u00f5tete vangis ja selle vastu aitab r\u00e4\u00e4kimine teiste muusikutega.<\/p>\n<p>&#8220;2023. aastal hakkasin ma sotsiaalmeediasse tegema videosid, kus ma n\u00e4itan, kuidas ma muusikat kirjutan ja kui kiiresti see k\u00e4ib. Ma tegin loo &#8220;P\u00e4ev&#8221; Instagrami ja sain sealt v\u00e4ga palju head tagasisidet, et loo peab v\u00e4lja laskma,&#8221; meenutas muusik Stig R\u00e4sta, kuidas s\u00fcndis lugu &#8220;P\u00e4ev&#8221;.<\/p>\n<p>K\u00f5ik see juhtus aga alles n\u00fc\u00fcd, kolm ja pool aastat hiljem. &#8220;M\u00f5ned asjad k\u00fcpsevadki kauem. Artistid on inimesed, kes saavad dopamiini k\u00e4tte juba video v\u00e4lja andmisest ja siis v\u00f5tan juba j\u00e4rgmise loo ja vaatan, kuidas sel l\u00e4heb. Aga inimesed tahavad lugu ju t\u00e4ispikkuses oma seadmest kuulata. Selle peale ma kohe ei m\u00f5elnud.See ongi keeruline ja raske tee loomingulistele inimestele,&#8221; t\u00f5des R\u00e4sta.<\/p>\n<p>&#8220;P\u00e4ev&#8221; on R\u00e4sta s\u00f5nul \u00fcks lihtne armastuslaul. &#8220;Kui laulus\u00f5nu kirjutama hakkan, siis s\u00f5nad tulevad minust lihtsalt v\u00e4lja. Kui paned klapid p\u00e4he, sul on muusika valmis, siis hakkad n\u00e4gema lugu seal sees ja hakkad seda kokku panema. See r\u00e4\u00e4gib s\u00f5brasuhtest, mis muutus poisi jaoks armastuseks ja poiss meenutab selles loos seda t\u00fcdrukut,&#8221; kirjeldas R\u00e4sta.<\/p>\n<p>&#8220;Kui k\u00f5ik lood kokku v\u00f5tta, v\u00f5ib mul olla kokku 3000 lugu ehk juppi, mis pole k\u00f5ik ka minu arvutis. Lugusid v\u00f5ib v\u00e4ga palju olla,&#8221; t\u00f5des muusik.<\/p>\n<p>Inimene m\u00f5tleb palju \u00fcle ja artistil v\u00f5ib olla ka valeh\u00e4bi, et kui ma olen artist ja teen \u00fche valeliigutuse, siis terve Eesti naerab mu \u00fcle. See tundub absurd, aga teha endale selgeks, et keegi ei m\u00f5tlegi sinust mitte midagi. Sa ehitad peas endale tohutu loo, mis pole \u00fcldse t\u00f5si. Et sellest aru saada, tuleb vahepeal minna eemale, reisile v\u00f5i \u00fcldse teise riiki elama,&#8221; nentis R\u00e4sta. &#8220;Kedagi tegelikult ei huvita, mida sa v\u00e4lja annad ja milline sa v\u00e4lja n\u00e4ed. Kui l\u00f5puks sellest aru saad, siis m\u00f5istad, et oled omaenda m\u00f5tete vangis olnud aastak\u00fcmneid.&#8221;<\/p>\n<p>Muusikud istuvad R\u00e4sta s\u00f5nul sageli \u00fcksinda stuudios ja vahivad vahepeal sotsiaalmeediast, kui h\u00e4sti teistel l\u00e4heb. &#8220;Oma koolitustel ma r\u00e4\u00e4gin sellest ja kui hakkame omavahel arutama, siis tuleb v\u00e4lja, et k\u00f5ik m\u00f5tlevad samamoodi. Sellest arusaamine ja lahtisaamine v\u00f5tab aega, seda tuleb pidevalt endale meelde tuletada, et \u00e4ra m\u00f5tle asjadest \u00fcle. Omavaheline r\u00e4\u00e4kimine aitab v\u00e4ga palju.&#8221;<\/p>\n<p>R\u00e4sta s\u00f5nul on ta v\u00e4lja m\u00f5elnud, et on kolm segavat tegurit: \u00fclem\u00f5tlemine, enda v\u00f5rdlemine teiste artistidega ja mugavustsoonis istumine.<\/p>\n","protected":false},"excerpt":{"rendered":"Muusik Stig R\u00e4sta r\u00e4\u00e4kis saates &#8220;R2 P\u00e4ev&#8221;, et loomingulisi inimesi segavateks teguriteks on \u00fclem\u00f5tlemine, enda v\u00f5rdlemine teiste artistidega&hellip;\n","protected":false},"author":2,"featured_media":251135,"comment_status":"","ping_status":"","sticky":false,"template":"","format":"standard","meta":{"footnotes":"","_share_on_mastodon":"0"},"categories":[16],"tags":[37,33,35,173,34,36,140,20633,4122],"class_list":["post-251134","post","type-post","status-publish","format-standard","has-post-thumbnail","category-meelelahutus","tag-ee","tag-eesti","tag-eesti-keel","tag-entertainment","tag-estonia","tag-estonian","tag-meelelahutus","tag-paev","tag-stig-rasta"],"share_on_mastodon":{"url":"https:\/\/pubeurope.com\/@ee\/117087901044358016","error":""},"_links":{"self":[{"href":"https:\/\/www.europesays.com\/ee\/wp-json\/wp\/v2\/posts\/251134","targetHints":{"allow":["GET"]}}],"collection":[{"href":"https:\/\/www.europesays.com\/ee\/wp-json\/wp\/v2\/posts"}],"about":[{"href":"https:\/\/www.europesays.com\/ee\/wp-json\/wp\/v2\/types\/post"}],"author":[{"embeddable":true,"href":"https:\/\/www.europesays.com\/ee\/wp-json\/wp\/v2\/users\/2"}],"replies":[{"embeddable":true,"href":"https:\/\/www.europesays.com\/ee\/wp-json\/wp\/v2\/comments?post=251134"}],"version-history":[{"count":0,"href":"https:\/\/www.europesays.com\/ee\/wp-json\/wp\/v2\/posts\/251134\/revisions"}],"wp:featuredmedia":[{"embeddable":true,"href":"https:\/\/www.europesays.com\/ee\/wp-json\/wp\/v2\/media\/251135"}],"wp:attachment":[{"href":"https:\/\/www.europesays.com\/ee\/wp-json\/wp\/v2\/media?parent=251134"}],"wp:term":[{"taxonomy":"category","embeddable":true,"href":"https:\/\/www.europesays.com\/ee\/wp-json\/wp\/v2\/categories?post=251134"},{"taxonomy":"post_tag","embeddable":true,"href":"https:\/\/www.europesays.com\/ee\/wp-json\/wp\/v2\/tags?post=251134"}],"curies":[{"name":"wp","href":"https:\/\/api.w.org\/{rel}","templated":true}]}}