{"id":251308,"date":"2026-08-13T14:25:15","date_gmt":"2026-08-13T14:25:15","guid":{"rendered":"https:\/\/www.europesays.com\/ee\/251308\/"},"modified":"2026-08-13T14:25:15","modified_gmt":"2026-08-13T14:25:15","slug":"wsj-ukraina-tegi-sojalisel-oppusel-usa-le-droonidega-tuule-alla-valismaa","status":"publish","type":"post","link":"https:\/\/www.europesays.com\/ee\/251308\/","title":{"rendered":"WSJ: Ukraina tegi s\u00f5jalisel \u00f5ppusel USA-le droonidega tuule alla | V\u00e4lismaa"},"content":{"rendered":"<p>Ukraina droonioperaatorid alistasid Saksamaal toimunud s\u00f5jalisel \u00f5ppusel USA maav\u00e4e \u00fcksused. \u00d5ppus Saksamaal ning USA kaotused Iraanis toovad esile ameeriklaste haavatavuse droonir\u00fcnnakute ees, kirjutab The Wall Street Journal.<\/p>\n<p>Asjaga kursis olevate allikate s\u00f5nul alistasid Ukraina drooni\u00fcksused \u00f5ppusel Combined Resolve vaevata Texase Fort Hoodi baasist rotatsioonile saabunud USA s\u00f5durid ja soomukid.<\/p>\n<p>Ameerika \u00dchendriigid olid kaugl\u00f6\u00f6gidroonide s\u00f5jalises kasutamises pioneerid. Pentagon on viimasel ajal kulutanud miljardeid dollareid uue drooni- ja t\u00f5rjetehnoloogia hankimiseks ning moodustanud selle k\u00e4itamiseks er\u00fcksused.<\/p>\n<p>Sellest hoolimata on USA-l t\u00e4navu L\u00e4his-Idas olnud raskusi Iraani kaugmaadroonide t\u00f5rjumisega.<\/p>\n<p>Saksamaal saadud valus \u00f5ppetund t\u00f5i esile Ukraina s\u00f5jakogemuse v\u00e4\u00e4rtuse, mis keskendub l\u00fchimaa lahinguv\u00e4ljadroonidele, r\u00f5hutas WSJ.<\/p>\n<p>Aprillis ja mais peetud \u00f5ppusel pandi proovile k\u00fclalis\u00fcksuste v\u00f5ime tegutseda ja kaitsta end v\u00e4ikeste lahinguv\u00e4ljadroonide massilise r\u00fcnnaku eest.<\/p>\n<p>Selliseid \u00f5ppusi nagu Combined Resolve korraldatakse selleks, et v\u00e4ed saaksid kogeda realistlikke lahingutingimusi. USA Euroopa maav\u00e4e juhtkond on viimastel aastatel kasutanud v\u00f5imalust kaasata Ukraina \u00fcksusi, et nad vahendaksid oma s\u00f5jakogemusi.<\/p>\n<p>&#8220;Sellelaadset v\u00e4lja\u00f5pet ei ole v\u00f5imalik Ameerika \u00dchendriikides saada,&#8221; \u00fctles NATO s\u00f5jaline juht kindral Alexus Grynkewich. Ta t\u00f5des, et kui NATO \u00fcksused harjutavad Ukraina v\u00e4gede vastu, on &#8220;muutus m\u00e4rkimisv\u00e4\u00e4rne&#8221;.<\/p>\n<p>Combined Resolve on kaks korda aastas toimuv \u00f5ppus, mis keskendub suuremahulistele maav\u00e4e lahinguoperatsioonidele. Seal kasutavad rotatsioonil viibivad USA \u00fcksused soomusdiviise, mida toetavad jalav\u00e4gi, helikopterid, droonid ja muu s\u00f5jaline tehnika.<\/p>\n<p>\u00d5ppusel osales umbes 3500 USA s\u00f5jav\u00e4elast. Asjaga kursis olevate isikute s\u00f5nul oli nende \u00fclesanne r\u00fcnnata positsiooni, mida kaitses vastaspoole \u00fcksus, mida toetasid Ukraina droonioperaatorid.<\/p>\n<p>Maav\u00e4e ametniku s\u00f5nul olid rotatsiooni\u00fcksused varustatud tavap\u00e4raste droonit\u00f5rjes\u00fcsteemidega.<\/p>\n<p>\u00d5ppuse kohta selgitusi saanud USA ametnike ja \u00fche osaleja s\u00f5nul tegid Ukraina droonioperaatorid \u00f5ppuse k\u00e4igus USA soomusbrigaadile l\u00f5pu peale.<\/p>\n<p>Osaleja s\u00f5nul saatsid \u00f5ppusel osalenud v\u00e4ed lahingusse rasked soomukid, mis tekitasid tolmu ja mida Ukraina luuredroonidel oli lihtne m\u00e4rgata. Luuredroonidele j\u00e4rgnesid l\u00f5hkekehi heitvad droonid ja FPV-droonid, mis r\u00fcndavad sihtm\u00e4rki sellele otsa lennates.<\/p>\n<p>Sellistel \u00f5ppustel kasutatakse lahingumoona harva. Tavaliselt j\u00e4\u00e4b droon s\u00f5iduki kohale h\u00f5ljuma v\u00f5i lendab sellele piisavalt l\u00e4hedale, et vaatleja saaks lugeda sihtm\u00e4rgi h\u00e4vitatuks.<\/p>\n<p>Ukraina droonid h\u00e4vitasid USA masinad nii kiiresti, et \u00f5ppuse j\u00e4tkamiseks tuli lubada &#8220;h\u00e4vitatud&#8221; USA \u00fcksustel uuesti lahingusse naasta.<\/p>\n<p>USA m\u00e4ngis kahen\u00e4dalase \u00f5ppuse k\u00e4igus \u00f5ppestsenaariumi korduvalt l\u00e4bi. Maav\u00e4e ametniku s\u00f5nul muutusid rotatsiooni\u00fcksused iga korraga paremaks, kuna \u00f5ppisid paremini hajuma, maskeeruma ja elektroonilist s\u00f5japidamist kasutama. Lisaks vahetasid ukrainlased \u00f5ppuse keskel pooli ning aitasid ameeriklastel droonitehnoloogiat t\u00f5husalt kasutada.<\/p>\n<p>Ukraina v\u00e4gedest on ligi 4,5 aastat kestnud s\u00f5jas Venemaaga saanud droonis\u00f5ja tipptegijad. Ka Moskva v\u00e4ed on omandanud hindamatuid oskusi. USA drooniooperaatoritel puudub aga kogemus droonide parandamise ja relvastamisega tule all, m\u00e4rkis \u00f5ppusel viibinud isik.<\/p>\n<p>Ukrainas h\u00e4vitatakse lahingutes nii palju tanke ja muud soomustehnikat, et suurel osal pikast rindejoonest soomustehnikat peaaegu ei kohtagi.<\/p>\n<p>M\u00f5ned USA s\u00f5jav\u00e4elased v\u00e4idavad siiski, et droonid on Venemaa-Ukraina s\u00f5jas t\u00f5husad eelk\u00f5ige seet\u00f5ttu, et s\u00f5da on j\u00f5udnud patiseisu ja liikumist lahinguv\u00e4ljal on v\u00e4he. Nende s\u00f5nul t\u00f5useksid tankid ja muu soomustehnika man\u00f6\u00f6vris\u00f5jas taas esile.<\/p>\n<p>Kuid Ukraina s\u00f5jandusteoreetikud, n\u00e4iteks relvaj\u00f5udude endine \u00fclemjuhataja Valeri Zalu\u017en\u00f5i, v\u00e4idavad, et droonitehnoloogia on muutnud traditsioonilise man\u00f6\u00f6vris\u00f5ja n\u00fc\u00fcdseks v\u00f5imatuks.<\/p>\n<p>\u00d5ppusel selgus, et USA-l v\u00f5ib tekkida raskusi soomustehnika kaitsmisega selle liikumise ajal.<\/p>\n<p>See ei olnud esimene kord, kui USA pidi tunnistama Ukraina droonimeisterlikkust. USA ametniku s\u00f5nul m\u00f5istis \u00fcks Ukraina v\u00e4gesid koolitada aidanud USA jalav\u00e4eohvitser juba 2023. aastal, et USA peab ukrainlastelt droonis\u00f5da \u00f5ppima, ning koostas v\u00e4lja\u00f5ppeprogrammi, mida v\u00f5tsid hiljem eeskujuks ka teised maav\u00e4e \u00fcksused.<\/p>\n<p>Hoolimata vahepeal teravaks kiskuvatest suhetest Kiieviga on president Donald Trumpi administratsioon otsinud Ukrainaga sel teemal kontakti. USA katsetab praegu Ukraina droone, et neid osta, ning on kasutanud Venemaa-Ukraina s\u00f5jas katsetatud droonit\u00f5rjes\u00fcsteeme oma v\u00e4gede kaitsmiseks Iraanis.<\/p>\n<p>USA kaitseminister Pete Hegseth \u00fctles mais senaatoritele, et on suurendanud Ukrainasse droonis\u00f5da \u00f5ppima saadetavate USA s\u00f5jav\u00e4elaste arvu.<\/p>\n<p>USA maav\u00e4gi pole esimene, mille n\u00f5rkused Ukraina droonid on paljastanud.<\/p>\n<p>Asjaga kursis oleva isiku s\u00f5nul alistasid Ukraina droonioperaatorid m\u00f6\u00f6dunud aasta mais Balti regioonis toimunud \u00f5ppusel vaevata Briti, Eesti ja teiste NATO riikide v\u00e4ed, sealhulgas USA kontingendi.<\/p>\n<p>T\u00e4navu kevadel viisid Rootsi v\u00e4ed l\u00e4bi \u00f5ppuse NATO liitlastega, kus Ukraina droonitiimid olid samuti liitlastest paremad, teatasid Rootsi ametnikud kohalikule meediale.<\/p>\n","protected":false},"excerpt":{"rendered":"Ukraina droonioperaatorid alistasid Saksamaal toimunud s\u00f5jalisel \u00f5ppusel USA maav\u00e4e \u00fcksused. \u00d5ppus Saksamaal ning USA kaotused Iraanis toovad esile&hellip;\n","protected":false},"author":2,"featured_media":251309,"comment_status":"","ping_status":"","sticky":false,"template":"","format":"standard","meta":{"footnotes":"","_share_on_mastodon":"0"},"categories":[5],"tags":[26,27,324,404,98766,37,33,35,34,36,31,32,21,28,29,54,19,8169,25,51,98765,23,24,262,22,325,20,30],"class_list":["post-251308","post","type-post","status-publish","format-standard","has-post-thumbnail","category-uldised-uudised","tag-breaking-news","tag-breakingnews","tag-donald-trump","tag-droon","tag-droonivagi","tag-ee","tag-eesti","tag-eesti-keel","tag-estonia","tag-estonian","tag-featured-news","tag-featurednews","tag-headlines","tag-latest-news","tag-latestnews","tag-nato","tag-news","tag-oppus","tag-populaarseimad-lood","tag-saksamaa","tag-sojaline-oppus","tag-top-stories","tag-topstories","tag-ukraina","tag-uldised-uudised","tag-usa","tag-uudised","tag-viimased-uudised"],"share_on_mastodon":{"url":"https:\/\/pubeurope.com\/@ee\/117088663779480434","error":""},"_links":{"self":[{"href":"https:\/\/www.europesays.com\/ee\/wp-json\/wp\/v2\/posts\/251308","targetHints":{"allow":["GET"]}}],"collection":[{"href":"https:\/\/www.europesays.com\/ee\/wp-json\/wp\/v2\/posts"}],"about":[{"href":"https:\/\/www.europesays.com\/ee\/wp-json\/wp\/v2\/types\/post"}],"author":[{"embeddable":true,"href":"https:\/\/www.europesays.com\/ee\/wp-json\/wp\/v2\/users\/2"}],"replies":[{"embeddable":true,"href":"https:\/\/www.europesays.com\/ee\/wp-json\/wp\/v2\/comments?post=251308"}],"version-history":[{"count":0,"href":"https:\/\/www.europesays.com\/ee\/wp-json\/wp\/v2\/posts\/251308\/revisions"}],"wp:featuredmedia":[{"embeddable":true,"href":"https:\/\/www.europesays.com\/ee\/wp-json\/wp\/v2\/media\/251309"}],"wp:attachment":[{"href":"https:\/\/www.europesays.com\/ee\/wp-json\/wp\/v2\/media?parent=251308"}],"wp:term":[{"taxonomy":"category","embeddable":true,"href":"https:\/\/www.europesays.com\/ee\/wp-json\/wp\/v2\/categories?post=251308"},{"taxonomy":"post_tag","embeddable":true,"href":"https:\/\/www.europesays.com\/ee\/wp-json\/wp\/v2\/tags?post=251308"}],"curies":[{"name":"wp","href":"https:\/\/api.w.org\/{rel}","templated":true}]}}