{"id":251310,"date":"2026-08-13T14:32:10","date_gmt":"2026-08-13T14:32:10","guid":{"rendered":"https:\/\/www.europesays.com\/ee\/251310\/"},"modified":"2026-08-13T14:32:10","modified_gmt":"2026-08-13T14:32:10","slug":"heina-noor-konkurent-sai-pragada-ta-voinuks-olla-teine-number-aga-hierarhia-on-paika-loksunud-soccernet-ee","status":"publish","type":"post","link":"https:\/\/www.europesays.com\/ee\/251310\/","title":{"rendered":"Heina noor konkurent sai pragada: ta v\u00f5inuks olla teine number, aga \u2026 (hierarhia on paika loksunud?) &#8211; Soccernet.ee"},"content":{"rendered":"<p><img decoding=\"async\" src=\"https:\/\/www.europesays.com\/ee\/wp-content\/uploads\/2026\/08\/1786631530_318_1784895706.jpg\" alt=\"Karl Jakob Heina noor konkurent Stefan Smarkalev v\u00f5inuks saada teiseks numbriks. Foto: Scanpix \/ Nordphoto \/ Hafner\"\/>&#13;\n<\/p>\n<p>Bremeni Werderi v\u00e4ravavahtide treener Christian Vander kritiseeris 19-aastast Stefan Smarkalevit, kes v\u00f5inuks heade esitustega kerkida Eesti koondislase Karl Jakob Heina l\u00e4himaks konkurendiks.<\/p>\n<p>Saksamaa meedia andmetel on Werderi v\u00e4ravavahtide hierarhia hooajaeelse ettevalmistuse k\u00e4igus paika viimaks loksunud. Bildi teatel alustab hooaega esinumbrina Hein, kelle l\u00e4himaks konkurendiks on RB Salzburgist Sakasmaale laekunud 30-aastane Alexander Schlager. Kolmanda valikuna j\u00e4rgneb neile 35-aastane Markus Kolke.&#13;\n<\/p>\n<p>Esindusmeeskonna juures on v\u00f5imaluse saanud ka 19-aastane bulgaarlane Stefan Smarkalev ja k\u00f5igest 16-aastane Calvin Seidler. Neist esimesel oli Werderi v\u00e4ravavahtide treeneri Christian Vanderi s\u00f5nul v\u00f5imalus endale pikemaks ajaks meeskonna teise numbri koht haarata, kuid noor kindamees ei suutnud seda \u00e4ra kasutada.&#13;\n<\/p>\n<p>&#8220;Ta oleks v\u00f5inud heade esitustega teise v\u00e4ravavahi koha v\u00e4lja teenida. Kahjuks oli ta pikka aega vigastatud. Hooaja teises pooles polnud tema esitused aga piisavalt head, et sellele kohale pretendeerida,&#8221; \u00fctles Vander Bildile. K\u00fcll aga pole Vander noore bulgaarlase osas lootust kaotanud. &#8220;See on tema jaoks oluline hooaja esimene pool, et muuta endast tekkinud kuvandit,&#8221; s\u00f5nas v\u00e4ravavahtide treener.<\/p>\n<p>Smarkalev v\u00f5itis Werderi noortemeeskonnaga Saksamaa U19 karika, kuid ei suutnud sellele j\u00e4rgnenud perioodil sama h\u00e4id esitusi j\u00e4tkata. Saksamaa tugevuselt neljandas liigas ehk Regionalligas on Smarkalev seni m\u00e4nginud kaks esimest kohtumist ja lasknud endale l\u00fc\u00fca kuus v\u00e4ravat.&#13;\n<\/p>\n<blockquote class=\"twitter-tweet\"><p>&#13;<\/p>\n<p lang=\"de\" dir=\"ltr\">Torwart-Trainer Christian Vander hat <a href=\"https:\/\/x.com\/hashtag\/Werder?src=hash&amp;ref_src=twsrc%5Etfw\" rel=\"nofollow\">#Werder<\/a>-Talent Stefan Smarkalev \u00f6ffentlich ungew\u00f6hnlich klar kritisiert &#8211; und erh\u00f6ht den Druck auf den jungen Keeper.<a href=\"https:\/\/t.co\/UI1YEl2GJo\" rel=\"nofollow\">https:\/\/t.co\/UI1YEl2GJo<\/a>&#13;<br \/>\n\u2014 DeichStube (@DeichStube) <a href=\"https:\/\/x.com\/DeichStube\/status\/2087824151633400319?ref_src=twsrc%5Etfw\" rel=\"nofollow\">August 13, 2026<\/a><\/p>\n<\/blockquote>\n","protected":false},"excerpt":{"rendered":"&#13; Bremeni Werderi v\u00e4ravavahtide treener Christian Vander kritiseeris 19-aastast Stefan Smarkalevit, kes v\u00f5inuks heade esitustega kerkida Eesti koondislase&hellip;\n","protected":false},"author":2,"featured_media":251311,"comment_status":"","ping_status":"","sticky":false,"template":"","format":"standard","meta":{"footnotes":"","_share_on_mastodon":"0"},"categories":[18],"tags":[4102,37,33,35,34,36,532,536,51,98767,159,158,98768,539,8908],"class_list":["post-251310","post","type-post","status-publish","format-standard","has-post-thumbnail","category-sport","tag-bremen","tag-ee","tag-eesti","tag-eesti-keel","tag-estonia","tag-estonian","tag-hein","tag-karl-jakob-hein","tag-saksamaa","tag-smarkalev","tag-sport","tag-sports","tag-stefan-smarkalev","tag-werder","tag-werder-bremen"],"share_on_mastodon":{"url":"https:\/\/pubeurope.com\/@ee\/117088691702822664","error":""},"_links":{"self":[{"href":"https:\/\/www.europesays.com\/ee\/wp-json\/wp\/v2\/posts\/251310","targetHints":{"allow":["GET"]}}],"collection":[{"href":"https:\/\/www.europesays.com\/ee\/wp-json\/wp\/v2\/posts"}],"about":[{"href":"https:\/\/www.europesays.com\/ee\/wp-json\/wp\/v2\/types\/post"}],"author":[{"embeddable":true,"href":"https:\/\/www.europesays.com\/ee\/wp-json\/wp\/v2\/users\/2"}],"replies":[{"embeddable":true,"href":"https:\/\/www.europesays.com\/ee\/wp-json\/wp\/v2\/comments?post=251310"}],"version-history":[{"count":0,"href":"https:\/\/www.europesays.com\/ee\/wp-json\/wp\/v2\/posts\/251310\/revisions"}],"wp:featuredmedia":[{"embeddable":true,"href":"https:\/\/www.europesays.com\/ee\/wp-json\/wp\/v2\/media\/251311"}],"wp:attachment":[{"href":"https:\/\/www.europesays.com\/ee\/wp-json\/wp\/v2\/media?parent=251310"}],"wp:term":[{"taxonomy":"category","embeddable":true,"href":"https:\/\/www.europesays.com\/ee\/wp-json\/wp\/v2\/categories?post=251310"},{"taxonomy":"post_tag","embeddable":true,"href":"https:\/\/www.europesays.com\/ee\/wp-json\/wp\/v2\/tags?post=251310"}],"curies":[{"name":"wp","href":"https:\/\/api.w.org\/{rel}","templated":true}]}}