{"id":251312,"date":"2026-08-13T14:33:10","date_gmt":"2026-08-13T14:33:10","guid":{"rendered":"https:\/\/www.europesays.com\/ee\/251312\/"},"modified":"2026-08-13T14:33:10","modified_gmt":"2026-08-13T14:33:10","slug":"hetkel-on-see-veel-laual-eesti-lati-liigaga-voib-sel-hooajal-liituda-ka-15-klubi","status":"publish","type":"post","link":"https:\/\/www.europesays.com\/ee\/251312\/","title":{"rendered":"\u201eHetkel on see veel laual.\u201c Eesti-L\u00e4ti liigaga v\u00f5ib sel hooajal liituda ka 15. klubi"},"content":{"rendered":"<p>Kui hetkeseisuga osaleb \u00fchisliigas seitse klubi Eestist ja seitse L\u00e4tist, siis n\u00fc\u00fcdseks on \u00f5hus l\u00f5unanaabrite kaheksanda meeskonna liitumine. Kuigi L\u00e4ti poolelt liigub sahinaid, et asi on lukus, siis Eesti korvpalliliidu liigade juhi Robert Petersoni s\u00f5nul polnud neljap\u00e4evase seisuga liitumine veel ametlik.<\/p>\n<p>\u201eHetkel on see veel laual. Oleme Eestis ajanud taga punktuaalsust, et k\u00f5ik toimuks \u00f5igel ajal, ja proovime erandeid v\u00e4ltida. Kuid see on L\u00e4ti alaliidu enda projekt, kus on U18 ja U20 koondislaste baasil v\u00f5istkond. Neil on pikemaajaline mitmeaastane plaan, kuhu nad said erandkorras rahastust ja seep\u00e4rast j\u00f5udis see hiljem lauale,\u201c selgitas Peterson.<\/p>\n<p><a href=\"https:\/\/sport.delfi.ee\/a\/120603625\/hetkel-on-see-veel-laual-eesti-lati-liigaga-voib-sel-hooajal-liituda-ka-15-klubi\/kommentaarid\" class=\"button button--primary button--size-auto article-body-bottom__comment article-body-bottom__comment--write\" style=\"\" rel=\"nofollow noopener\" target=\"_blank\">Kommenteeri<\/a><a href=\"https:\/\/sport.delfi.ee\/a\/120603625\/hetkel-on-see-veel-laual-eesti-lati-liigaga-voib-sel-hooajal-liituda-ka-15-klubi\/kommentaarid\" class=\"button button--size-auto article-body-bottom__comment article-body-bottom__comment--read\" style=\"\" rel=\"nofollow noopener\" target=\"_blank\">Loe kommentaare <\/a><\/p>\n","protected":false},"excerpt":{"rendered":"Kui hetkeseisuga osaleb \u00fchisliigas seitse klubi Eestist ja seitse L\u00e4tist, siis n\u00fc\u00fcdseks on \u00f5hus l\u00f5unanaabrite kaheksanda meeskonna liitumine.&hellip;\n","protected":false},"author":2,"featured_media":251313,"comment_status":"","ping_status":"","sticky":false,"template":"","format":"standard","meta":{"footnotes":"","_share_on_mastodon":"0"},"categories":[14],"tags":[131,130,37,33,35,34,36,44599],"class_list":["post-251312","post","type-post","status-publish","format-standard","has-post-thumbnail","category-ari","tag-ari","tag-business","tag-ee","tag-eesti","tag-eesti-keel","tag-estonia","tag-estonian","tag-robert-peterson"],"share_on_mastodon":{"url":"https:\/\/pubeurope.com\/@ee\/117088695687208534","error":""},"_links":{"self":[{"href":"https:\/\/www.europesays.com\/ee\/wp-json\/wp\/v2\/posts\/251312","targetHints":{"allow":["GET"]}}],"collection":[{"href":"https:\/\/www.europesays.com\/ee\/wp-json\/wp\/v2\/posts"}],"about":[{"href":"https:\/\/www.europesays.com\/ee\/wp-json\/wp\/v2\/types\/post"}],"author":[{"embeddable":true,"href":"https:\/\/www.europesays.com\/ee\/wp-json\/wp\/v2\/users\/2"}],"replies":[{"embeddable":true,"href":"https:\/\/www.europesays.com\/ee\/wp-json\/wp\/v2\/comments?post=251312"}],"version-history":[{"count":0,"href":"https:\/\/www.europesays.com\/ee\/wp-json\/wp\/v2\/posts\/251312\/revisions"}],"wp:featuredmedia":[{"embeddable":true,"href":"https:\/\/www.europesays.com\/ee\/wp-json\/wp\/v2\/media\/251313"}],"wp:attachment":[{"href":"https:\/\/www.europesays.com\/ee\/wp-json\/wp\/v2\/media?parent=251312"}],"wp:term":[{"taxonomy":"category","embeddable":true,"href":"https:\/\/www.europesays.com\/ee\/wp-json\/wp\/v2\/categories?post=251312"},{"taxonomy":"post_tag","embeddable":true,"href":"https:\/\/www.europesays.com\/ee\/wp-json\/wp\/v2\/tags?post=251312"}],"curies":[{"name":"wp","href":"https:\/\/api.w.org\/{rel}","templated":true}]}}