{"id":251386,"date":"2026-08-13T15:51:08","date_gmt":"2026-08-13T15:51:08","guid":{"rendered":"https:\/\/www.europesays.com\/ee\/251386\/"},"modified":"2026-08-13T15:51:08","modified_gmt":"2026-08-13T15:51:08","slug":"nadala-album-avemaria-lajatab-kelmikalt-vastu-hambaid","status":"publish","type":"post","link":"https:\/\/www.europesays.com\/ee\/251386\/","title":{"rendered":"N\u00c4DALA ALBUM | Avemaria lajatab kelmikalt vastu hambaid"},"content":{"rendered":"<p>Avemaria albumit on f\u00e4nnid oodanud juba mitu aastat. Ansambli Bandcampi lehel seisab, et lindistatud sai see tegelikult juba 2024. aasta augusti alguses, aga poole aastaga saadi nii palju osavamaks, et ei j\u00e4\u00e4nud muud \u00fcle kui materjal uuesti linti v\u00f5tta. Aus! Et tegu on pigem kontsertb\u00e4ndiga, <a rel=\"noopener follow nofollow\" target=\"_blank\" href=\"https:\/\/kultuur.postimees.ee\/8081674\/avemaria-noored-punkhinged-kelle-eluunistus-on-saada-pensionariks\" data-rel-date-range=\"[]\">kelle jaoks on salvestamine k\u00f5rvaline<\/a>, oli ootamine seda enam igati tulemi v\u00e4\u00e4riline.<\/p>\n","protected":false},"excerpt":{"rendered":"Avemaria albumit on f\u00e4nnid oodanud juba mitu aastat. Ansambli Bandcampi lehel seisab, et lindistatud sai see tegelikult juba&hellip;\n","protected":false},"author":2,"featured_media":251387,"comment_status":"","ping_status":"","sticky":false,"template":"","format":"standard","meta":{"footnotes":"","_share_on_mastodon":"0"},"categories":[14],"tags":[131,89087,130,37,33,35,34,36,89086,8481,19222],"class_list":["post-251386","post","type-post","status-publish","format-standard","has-post-thumbnail","category-ari","tag-ari","tag-avemaria","tag-business","tag-ee","tag-eesti","tag-eesti-keel","tag-estonia","tag-estonian","tag-kalli-talonpoika","tag-punk","tag-riste-sofie-kaar"],"share_on_mastodon":{"url":"https:\/\/pubeurope.com\/@ee\/117089001960773116","error":""},"_links":{"self":[{"href":"https:\/\/www.europesays.com\/ee\/wp-json\/wp\/v2\/posts\/251386","targetHints":{"allow":["GET"]}}],"collection":[{"href":"https:\/\/www.europesays.com\/ee\/wp-json\/wp\/v2\/posts"}],"about":[{"href":"https:\/\/www.europesays.com\/ee\/wp-json\/wp\/v2\/types\/post"}],"author":[{"embeddable":true,"href":"https:\/\/www.europesays.com\/ee\/wp-json\/wp\/v2\/users\/2"}],"replies":[{"embeddable":true,"href":"https:\/\/www.europesays.com\/ee\/wp-json\/wp\/v2\/comments?post=251386"}],"version-history":[{"count":0,"href":"https:\/\/www.europesays.com\/ee\/wp-json\/wp\/v2\/posts\/251386\/revisions"}],"wp:featuredmedia":[{"embeddable":true,"href":"https:\/\/www.europesays.com\/ee\/wp-json\/wp\/v2\/media\/251387"}],"wp:attachment":[{"href":"https:\/\/www.europesays.com\/ee\/wp-json\/wp\/v2\/media?parent=251386"}],"wp:term":[{"taxonomy":"category","embeddable":true,"href":"https:\/\/www.europesays.com\/ee\/wp-json\/wp\/v2\/categories?post=251386"},{"taxonomy":"post_tag","embeddable":true,"href":"https:\/\/www.europesays.com\/ee\/wp-json\/wp\/v2\/tags?post=251386"}],"curies":[{"name":"wp","href":"https:\/\/api.w.org\/{rel}","templated":true}]}}