{"id":251392,"date":"2026-08-13T16:01:11","date_gmt":"2026-08-13T16:01:11","guid":{"rendered":"https:\/\/www.europesays.com\/ee\/251392\/"},"modified":"2026-08-13T16:01:11","modified_gmt":"2026-08-13T16:01:11","slug":"molder-ja-tamm-jaid-uksikmangus-veerandfinaali-pidama-tennis","status":"publish","type":"post","link":"https:\/\/www.europesays.com\/ee\/251392\/","title":{"rendered":"M\u00f6lder ja Tamm j\u00e4id \u00fcksikm\u00e4ngus veerandfinaali pidama | Tennis"},"content":{"rendered":"<p>Soomes Turus peetaval M15 kategooria ITF-i tenniseturniiril pidid Markus M\u00f6lder (ATP 945.) ja Kristjan Tamm (ATP 1165.) veerandfinaalis kaotustega leppima.<\/p>\n<p>M\u00f6lder oli sunnitud veerandfinaalis tunnistama seitsmenda asetusega rootslase Arvid Nordquisti (ATP 834.) 6:3, 6:1 paremust. Tamm kaotas t\u00e4pselt sama l\u00f5pptulemusega neljanda paigutusega britile Oscar Weightmanile (ATP 701.).<\/p>\n<p>Tamm j\u00e4tkab m\u00e4ngimist paarism\u00e4ngus, kus ta tagas kolmap\u00e4eval koos britt Marcus Waltersiga edasip\u00e4\u00e4su poolfinaali. Seal l\u00e4heb Eesti-Suurbritannia duo vastamisi Stian Klaasseni (Holland) ja Iiro Vasaga (Soome).<\/p>\n","protected":false},"excerpt":{"rendered":"Soomes Turus peetaval M15 kategooria ITF-i tenniseturniiril pidid Markus M\u00f6lder (ATP 945.) ja Kristjan Tamm (ATP 1165.) veerandfinaalis&hellip;\n","protected":false},"author":2,"featured_media":251393,"comment_status":"","ping_status":"","sticky":false,"template":"","format":"standard","meta":{"footnotes":"","_share_on_mastodon":"0"},"categories":[18],"tags":[37,33,35,34,36,3423,6878,159,158],"class_list":["post-251392","post","type-post","status-publish","format-standard","has-post-thumbnail","category-sport","tag-ee","tag-eesti","tag-eesti-keel","tag-estonia","tag-estonian","tag-kristjan-tamm","tag-markus-molder","tag-sport","tag-sports"],"share_on_mastodon":{"url":"https:\/\/pubeurope.com\/@ee\/117089041467818842","error":""},"_links":{"self":[{"href":"https:\/\/www.europesays.com\/ee\/wp-json\/wp\/v2\/posts\/251392","targetHints":{"allow":["GET"]}}],"collection":[{"href":"https:\/\/www.europesays.com\/ee\/wp-json\/wp\/v2\/posts"}],"about":[{"href":"https:\/\/www.europesays.com\/ee\/wp-json\/wp\/v2\/types\/post"}],"author":[{"embeddable":true,"href":"https:\/\/www.europesays.com\/ee\/wp-json\/wp\/v2\/users\/2"}],"replies":[{"embeddable":true,"href":"https:\/\/www.europesays.com\/ee\/wp-json\/wp\/v2\/comments?post=251392"}],"version-history":[{"count":0,"href":"https:\/\/www.europesays.com\/ee\/wp-json\/wp\/v2\/posts\/251392\/revisions"}],"wp:featuredmedia":[{"embeddable":true,"href":"https:\/\/www.europesays.com\/ee\/wp-json\/wp\/v2\/media\/251393"}],"wp:attachment":[{"href":"https:\/\/www.europesays.com\/ee\/wp-json\/wp\/v2\/media?parent=251392"}],"wp:term":[{"taxonomy":"category","embeddable":true,"href":"https:\/\/www.europesays.com\/ee\/wp-json\/wp\/v2\/categories?post=251392"},{"taxonomy":"post_tag","embeddable":true,"href":"https:\/\/www.europesays.com\/ee\/wp-json\/wp\/v2\/tags?post=251392"}],"curies":[{"name":"wp","href":"https:\/\/api.w.org\/{rel}","templated":true}]}}