{"id":251492,"date":"2026-08-13T18:35:08","date_gmt":"2026-08-13T18:35:08","guid":{"rendered":"https:\/\/www.europesays.com\/ee\/251492\/"},"modified":"2026-08-13T18:35:08","modified_gmt":"2026-08-13T18:35:08","slug":"mika-hakkinen-avaldas-miks-rivaliteet-david-coulthardiga-iial-inetuks-ei-muutunud","status":"publish","type":"post","link":"https:\/\/www.europesays.com\/ee\/251492\/","title":{"rendered":"Mika H\u00e4kkinen avaldas, miks rivaliteet David Coulthardiga iial inetuks ei muutunud"},"content":{"rendered":"<p>Podcastis \u201eUp To Speed\u201c esinenud endised meeskonnakaaslased t\u00f5id esile oma pika koost\u00f6\u00f6, mis t\u00f5i H\u00e4kkinenile kaks individuaalset ja McLarenile \u00fche meeskondliku MM-tiitli. Coulthard meenutas n\u00e4itena 1999. aasta Austria GP-d, kus ta esimeses kurvis esikohalt startinud H\u00e4kkinenile otsa s\u00f5itis ja soomlase masina piruetti saatis. <\/p>\n<p>Kuigi v\u00f5istluse v\u00f5itis toona <a rel=\"noopener nofollow\" target=\"_blank\" href=\"https:\/\/www.delfi.ee\/teema\/22618753\/ferrari\" tag-id=\"22618753\">Ferrari<\/a> s\u00f5itja Eddie Irvine, suutis Coulthard l\u00f5petada teisena ja rivi l\u00f5ppu langenud H\u00e4kkinen v\u00f5itles end l\u00f5puks kolmandaks. Hiljem \u0161otlane vabandas ning tunnistas, et hindas kurvi valesti.<\/p>\n<p>H\u00e4kkineni s\u00f5nul on taolised intsidendid autospordi ja meeskonnakaaslaseks olemise loomulik osa. Soomlase hinnangul hoidis suhteid korras m\u00f5lemapoolne teadmine, et neil on koos tugev tulevik ja v\u00f5imalus saavutada suuri tegusid. <\/p>\n<p>Seet\u00f5ttu polnud tema s\u00f5nul mingit m\u00f5tet kanda endaga kaasas kuude viisi viha, vaid asjad tuli selgeks r\u00e4\u00e4kida ja edasi v\u00f5istelda. H\u00e4kkinen lisas, et abi saadi ka meeskonna juhtkonnalt, kuid suures plaanis p\u00e4\u00e4stis olukorra, et autod j\u00e4id Austria intsidendis terveks ja m\u00f5lemad said s\u00f5itu j\u00e4tkata.<\/p>\n<p>Coulthard t\u00f5mbas oma meenutuses paralleeli nende kunagise d\u00fcnaamika ja McLareni praeguse s\u00f5itjatepaari <a rel=\"noopener nofollow\" target=\"_blank\" href=\"https:\/\/www.delfi.ee\/teema\/85967207\/lando-norris\" tag-id=\"85967207\">Lando Norrise<\/a> ja <a rel=\"noopener nofollow\" target=\"_blank\" href=\"https:\/\/www.delfi.ee\/teema\/96844236\/oscar-piastri\" tag-id=\"96844236\">Oscar Piastri<\/a> vahel. Endise v\u00f5idus\u00f5itja s\u00f5nul on t\u00e4nap\u00e4eval just see duo neile k\u00f5ige sarnasem. Ta meenutas, et ka eelmisel aastal oli hetki, mil noored s\u00f5itjad olid rajal kokkup\u00f5rkele v\u00e4ga l\u00e4hedal ning meeskond pidi n\u00e4gema vaeva, et meeste ootusi ja pingeid ohjata.<\/p>\n<p>Kuidas see lugu Sind end tundma pani?Saada<a href=\"https:\/\/sport.delfi.ee\/artikkel\/120603624\/mika-hakkinen-avaldas-miks-rivaliteet-david-coulthardiga-iial-inetuks-ei-muutunud\/kommentaarid\" class=\"button button--primary button--size-auto article-body-bottom__comment article-body-bottom__comment--write\" style=\"\" rel=\"nofollow noopener\" target=\"_blank\">Kommenteeri<\/a><a href=\"https:\/\/sport.delfi.ee\/artikkel\/120603624\/mika-hakkinen-avaldas-miks-rivaliteet-david-coulthardiga-iial-inetuks-ei-muutunud\/kommentaarid\" class=\"button button--size-auto article-body-bottom__comment article-body-bottom__comment--read\" style=\"\" rel=\"nofollow noopener\" target=\"_blank\">Loe kommentaare (1)<\/a><\/p>\n","protected":false},"excerpt":{"rendered":"Podcastis \u201eUp To Speed\u201c esinenud endised meeskonnakaaslased t\u00f5id esile oma pika koost\u00f6\u00f6, mis t\u00f5i H\u00e4kkinenile kaks individuaalset ja&hellip;\n","protected":false},"author":2,"featured_media":251493,"comment_status":"","ping_status":"","sticky":false,"template":"","format":"standard","meta":{"footnotes":"","_share_on_mastodon":"0"},"categories":[18],"tags":[37,33,35,34,36,7596,1577,1574,22164,1579,159,158],"class_list":["post-251492","post","type-post","status-publish","format-standard","has-post-thumbnail","category-sport","tag-ee","tag-eesti","tag-eesti-keel","tag-estonia","tag-estonian","tag-ferrari","tag-lando-norris","tag-mclaren","tag-mika-hakkinen","tag-oscar-piastri","tag-sport","tag-sports"],"share_on_mastodon":{"url":"https:\/\/pubeurope.com\/@ee\/117089646824362769","error":""},"_links":{"self":[{"href":"https:\/\/www.europesays.com\/ee\/wp-json\/wp\/v2\/posts\/251492","targetHints":{"allow":["GET"]}}],"collection":[{"href":"https:\/\/www.europesays.com\/ee\/wp-json\/wp\/v2\/posts"}],"about":[{"href":"https:\/\/www.europesays.com\/ee\/wp-json\/wp\/v2\/types\/post"}],"author":[{"embeddable":true,"href":"https:\/\/www.europesays.com\/ee\/wp-json\/wp\/v2\/users\/2"}],"replies":[{"embeddable":true,"href":"https:\/\/www.europesays.com\/ee\/wp-json\/wp\/v2\/comments?post=251492"}],"version-history":[{"count":0,"href":"https:\/\/www.europesays.com\/ee\/wp-json\/wp\/v2\/posts\/251492\/revisions"}],"wp:featuredmedia":[{"embeddable":true,"href":"https:\/\/www.europesays.com\/ee\/wp-json\/wp\/v2\/media\/251493"}],"wp:attachment":[{"href":"https:\/\/www.europesays.com\/ee\/wp-json\/wp\/v2\/media?parent=251492"}],"wp:term":[{"taxonomy":"category","embeddable":true,"href":"https:\/\/www.europesays.com\/ee\/wp-json\/wp\/v2\/categories?post=251492"},{"taxonomy":"post_tag","embeddable":true,"href":"https:\/\/www.europesays.com\/ee\/wp-json\/wp\/v2\/tags?post=251492"}],"curies":[{"name":"wp","href":"https:\/\/api.w.org\/{rel}","templated":true}]}}