{"id":251776,"date":"2026-08-14T07:18:31","date_gmt":"2026-08-14T07:18:31","guid":{"rendered":"https:\/\/www.europesays.com\/ee\/251776\/"},"modified":"2026-08-14T07:18:31","modified_gmt":"2026-08-14T07:18:31","slug":"risto-kalmre-ekstreemspordi-huvilisi-noori-voiks-rohkem-olla-raadio-2","status":"publish","type":"post","link":"https:\/\/www.europesays.com\/ee\/251776\/","title":{"rendered":"Risto Kalmre: ekstreemspordi huvilisi noori v\u00f5iks rohkem olla | Raadio 2"},"content":{"rendered":"<p>Ekstreemspordis\u00fcndmus Simple Sessioni peakorraldaja Risto Kalmre r\u00e4\u00e4kis saates &#8220;R2 Hommik!&#8221;, et t\u00e4navu n\u00e4idatakse t\u00e4navas\u00f5idu ehk street-distsipliini julgemaid trikke keset Tallinna ja Riia linnamelu. Kalmre s\u00f5nul on nende alade populaarsus k\u00fcll t\u00f5usuteel, aga ekstreemspordi huvilisi noori v\u00f5iks rohkem olla.<\/p>\n<p>&#8220;Simple Session toimub t\u00e4navu kahes riigis, Tallinnas ja Riias. Oleme ka varem teisi formaate katsetanud ja pakkunud pealtvaatajatele vingeid \u0161\u00f5usid linnat\u00e4navatel. Varasemalt oleme neid teinud Viru Plazas, Krulli kvartalis ja Vabaduse v\u00e4ljakul. Seekord koosnebki Session linnat\u00e4navail toimuvatest BMX t\u00e4navas\u00f5itudest, mis ka varem on tasuta olnud ja mulle isiklikult alati k\u00f5ige s\u00fcdamel\u00e4hedasemad ja lahedamad \u00fcritused. Areeniasi on k\u00fcll v\u00e4ga v\u00f5imas, aga need spordialad kuuluvad ju t\u00e4navatele, mitte staadionitele,&#8221; \u00fctles Simple Sessioni peakorraldaja Risto Kalmre.<\/p>\n<p>P\u00f5his\u00fcndmus toimub 19. augustil Balta Hoovis, mis asub Balti jaama turu l\u00e4hedal. &#8220;Sinna me need elemendid ehitame. \u00dcritus on k\u00f5igile tasuta, alustame kella kahe-kolme ajal ja teeme \u00f5htuni v\u00e4lja,&#8221; t\u00f5des Kalmre.<\/p>\n<p>20. augustil toimuvad trikis\u00f5idud linnat\u00e4navatel, mille toimumiskohad on korraldaja s\u00f5nul veel saladuses. &#8220;J\u00e4lgige meie sotsiaalmeediat ja tulge vaatama.&#8221;<\/p>\n<p>&#8220;Hetkel on listis neli eestlast. Kokku on t\u00e4navu esindatud 17 erinevat riiki. Mingi osa me kutsume ise, aga samas me kunagi k\u00e4tt ette ei pane, kui keegi ennast ise esile t\u00f5stab. See on orgaaniline protsess. Kindlasti me eelistame alati kohalikke s\u00f5itjaid, meie huvi ei ole teha s\u00fcndmust viiek\u00fcmnele ameeriklasele,&#8221; muheles Kalmre.<\/p>\n<p>&#8220;Noori on, aga v\u00f5iks alati rohkem olla. Eestis v\u00f5itlevad k\u00f5ik spordialad nende v\u00e4heste noorte p\u00e4rast. Ekstreemspordialad on siiski t\u00f5usujoones, kuigi igal pool on praegu natuke raske aeg ja seep\u00e4rast me katsetame teisi formaate. M\u00f5tlesime, et sel aastal ei l\u00e4he Unibet Arenale, kus on vaja t\u00e4ita hall 8000 inimesega. Teisalt tekitavad sellised ajad j\u00e4lle uusi kontseptsioone ja v\u00f5imalusi,&#8221; t\u00f5des Kalmre.<\/p>\n<p><img decoding=\"async\" data-photo-id=\"2773025\" src=\"https:\/\/www.europesays.com\/ee\/wp-content\/uploads\/2026\/08\/2773025h053bt24.jpg\"\/>Risto Kalmre Autor\/allikas: ERR<\/p>\n","protected":false},"excerpt":{"rendered":"Ekstreemspordis\u00fcndmus Simple Sessioni peakorraldaja Risto Kalmre r\u00e4\u00e4kis saates &#8220;R2 Hommik!&#8221;, et t\u00e4navu n\u00e4idatakse t\u00e4navas\u00f5idu ehk street-distsipliini julgemaid trikke&hellip;\n","protected":false},"author":2,"featured_media":251777,"comment_status":"","ping_status":"","sticky":false,"template":"","format":"standard","meta":{"footnotes":"","_share_on_mastodon":"0"},"categories":[12],"tags":[26,27,37,33,35,34,36,31,32,21,28,29,19,25,98875,98479,23,24,22,20,30],"class_list":["post-251776","post","type-post","status-publish","format-standard","has-post-thumbnail","category-eesti","tag-breaking-news","tag-breakingnews","tag-ee","tag-eesti","tag-eesti-keel","tag-estonia","tag-estonian","tag-featured-news","tag-featurednews","tag-headlines","tag-latest-news","tag-latestnews","tag-news","tag-populaarseimad-lood","tag-risto-kalmre","tag-simple-session","tag-top-stories","tag-topstories","tag-uldised-uudised","tag-uudised","tag-viimased-uudised"],"share_on_mastodon":{"url":"https:\/\/pubeurope.com\/@ee\/117092647460559975","error":""},"_links":{"self":[{"href":"https:\/\/www.europesays.com\/ee\/wp-json\/wp\/v2\/posts\/251776","targetHints":{"allow":["GET"]}}],"collection":[{"href":"https:\/\/www.europesays.com\/ee\/wp-json\/wp\/v2\/posts"}],"about":[{"href":"https:\/\/www.europesays.com\/ee\/wp-json\/wp\/v2\/types\/post"}],"author":[{"embeddable":true,"href":"https:\/\/www.europesays.com\/ee\/wp-json\/wp\/v2\/users\/2"}],"replies":[{"embeddable":true,"href":"https:\/\/www.europesays.com\/ee\/wp-json\/wp\/v2\/comments?post=251776"}],"version-history":[{"count":0,"href":"https:\/\/www.europesays.com\/ee\/wp-json\/wp\/v2\/posts\/251776\/revisions"}],"wp:featuredmedia":[{"embeddable":true,"href":"https:\/\/www.europesays.com\/ee\/wp-json\/wp\/v2\/media\/251777"}],"wp:attachment":[{"href":"https:\/\/www.europesays.com\/ee\/wp-json\/wp\/v2\/media?parent=251776"}],"wp:term":[{"taxonomy":"category","embeddable":true,"href":"https:\/\/www.europesays.com\/ee\/wp-json\/wp\/v2\/categories?post=251776"},{"taxonomy":"post_tag","embeddable":true,"href":"https:\/\/www.europesays.com\/ee\/wp-json\/wp\/v2\/tags?post=251776"}],"curies":[{"name":"wp","href":"https:\/\/api.w.org\/{rel}","templated":true}]}}