{"id":251784,"date":"2026-08-14T07:29:07","date_gmt":"2026-08-14T07:29:07","guid":{"rendered":"https:\/\/www.europesays.com\/ee\/251784\/"},"modified":"2026-08-14T07:29:07","modified_gmt":"2026-08-14T07:29:07","slug":"usa-uue-saatkonna-ehitus-algab-tallinnas-jargmisel-sugisel-eesti","status":"publish","type":"post","link":"https:\/\/www.europesays.com\/ee\/251784\/","title":{"rendered":"USA uue saatkonna ehitus algab Tallinnas j\u00e4rgmisel s\u00fcgisel | Eesti"},"content":{"rendered":"<p>USA uue saatkonnakompleksi ehitus algab j\u00e4rgmisel aastal ning eeldatavalt s\u00fcgisel ning kogu protsessil hoiavad silma peal nii linnapea kui ka suursaadik, \u00fctles Tallinna linnapea Peeter Raudsepp (Isamaa) ERR-ile peale kohtumist USA suursaadikuga.<\/p>\n<p>USA suursaadik Eestis Roman Pipko \u00fctles kolmap\u00e4evasel kohtumisel Raudsepaga, et saatkonnakompleksi ehitus algab j\u00e4rgmisel aastal.<\/p>\n<p>&#8220;Eesm\u00e4rk on see, et j\u00e4rgmisel aastal saab ehitus alata. Eeldatavasti s\u00fcgisel. Nii et asjad on n\u00fc\u00fcd h\u00e4sti konkreetsed. Kinnitused on saabunud ja orienteeruv ehituse algusaeg on ka eesm\u00e4rgistatud,&#8221; lausus Raudsepp.<\/p>\n<p>Uue Maailma asumis Suur-Ameerika ja V\u00e4ike-Ameerika t\u00e4nava vahele ehitatav kompleks t\u00e4idab endise Lastestaadioni ala, mis asub niinimetatud superministeeriumi taga.<\/p>\n<p>Maikuus, kui USA v\u00e4lisministeeriumi asutus, mis vastutab saatkonnahoonete eest, avalikustas <a href=\"https:\/\/www.err.ee\/1610026663\/galerii-usa-avalikustas-uue-eesti-saatkonnahoone-kavandi\" target=\"_blank\" rel=\"noopener nofollow\">saatkonnakompleksi kavandi<\/a>, m\u00e4rgiti teates, et plaani j\u00e4rgi peaks kompleks valmima 2031. aastal.<\/p>\n<p>Valmimisaega arutati ka kolmep\u00e4evasel kohtumisel ning kuigi Raudsepp ei soovinud t\u00e4pselt \u00f6elda, mis aasta kohtumisel v\u00e4lja \u00f6eldi, m\u00e4rkis ta, et t\u00f5en\u00e4oliselt ehitatakse kompleks valmis kiiremini, kui varem v\u00e4lja \u00f6eldud.<\/p>\n<p>&#8220;Me r\u00e4\u00e4kisime v\u00f5imalikust kiiremast tempost,&#8221; \u00fctles Raudsepp. <a href=\"https:\/\/www.err.ee\/1609779258\/tallinn-kehtestas-usa-saatkonna-uue-kompleksi-detailplaneeringu\" target=\"_blank\" rel=\"noopener nofollow\"><\/p>\n<p>Kuiv\u00f5rd saatkonnakompleks on oluline nii USA kui ka Tallinna jaoks, otsustasid Raudsepp ja Pipko kohtumisel, et v\u00f5tavad selle projekti ja j\u00e4rgneva protsessi n\u00fc\u00fcd oma kontrolli alla: linnapea Tallinna poolt, suursaadik USA poolt. &#8220;Kui k\u00f5ik (saatkonna ehitus ja valmimine \u2013 toim.) on nii k\u00e4egakatsutavas kauguses, siis ka leppisime kokku, et nii suursaadik kui ka linnapea hoiavad neid protsesse oma kontrolli all,&#8221; \u00fctles Raudsepp.<\/p>\n<p>Endiselt on j\u00f5us ameeriklaste lubadus panustada V\u00e4ike-Ameerika t\u00e4nava renoveerimisse 1,2 miljonit eurot. V\u00e4ike-Ameerika t\u00e4naval hakkab asuma saatkonnakompleksi sissep\u00e4\u00e4s, mis m\u00f5eldud saatkonna t\u00f6\u00f6tajatele ja teenindavale personalile. Peasissep\u00e4\u00e4s hakkab asuma Suur-Ameerika ja Toom-Kuninga nurgal.<\/p>\n<p>Raudsepa s\u00f5nul on ameeriklaste rahaline panus kindel ning V\u00e4ike-Ameerika teet\u00f6\u00f6d toimuvad saatkonna ehitusega samal ajal. &#8220;Sellest me r\u00e4\u00e4kisime ka, et need t\u00f6\u00f6d tuleb teha k\u00f5ik \u00fcheaegselt, see ei ole m\u00f5eldav, et hoone valmib ja siis hakatakse t\u00e4navatega tegelema,&#8221; lausus ta.<\/p>\n<p>Kompleksi detailplaneeringu menetluse eel ja ajal laekus kohalikelt elanikelt ja Uue Maailma seltsilt palju vastuv\u00e4iteid ja ettepanekuid; osa neist n\u00f5udsid kaduva roheala ehk endise Lastestaadioni <a href=\"https:\/\/www.err.ee\/1608951508\/uus-maailm-nouab-tallinnalt-usa-saatkonnahoone-kompensatsiooniks-rohealasid\" target=\"_blank\" rel=\"noopener nofollow\">kompensatsiooniks rohealasid<\/a>. Kui eelmise linnavalitsuse ajal oli \u00fcheks h\u00fcvitiseks kavandatud Koidu t\u00e4nava \u00fcmberehitamine, mida plaanide j\u00e4rgi pidi t\u00e4navu projekteerima hakatama, siis praegune linnav\u00f5im pani selle projekti sahtlisse.<\/p>\n<p>Raudsepa s\u00f5nul on kohalikega suheldud. &#8220;Seda on tehtud ja siin (saatkonnakompleksis) on arhitektuurselt ka leitud selline lahendus, et see on hoone, mis asub pargis, see on v\u00f5imalikult rohestatud muljega v\u00f5i visuaaliga. Seda esiteks, mida kohalikud elanikud vastu saavad. (Teiseks) ma arvan, et tegemist saab olema k\u00f5ige paremini turvatud Tallinna piirkonnaga v\u00f5i v\u00e4ga h\u00e4sti turvatud Tallinna piirkonnaga,&#8221; lausus linnapea.<\/p>\n<p>Tallinna esialgne soov oli k\u00fcll, et hoonekompleksile korraldataks ka arhitektuurikonkurss, kuid see j\u00e4eti<a href=\"https:\/\/www.err.ee\/1609657475\/tallinn-kavatseb-usa-uue-saatkonna-planeeringu-kevadel-vastu-votta\" target=\"_blank\" rel=\"noopener nofollow\"> julgeolekukaalutlustel siiski \u00e4ra<\/a>. Arhitektuurse lahenduse saatkonnale koostab USA ettev\u00f5te Mark Cavagnero Associates Architects.<\/p>\n<p>Tulevane saatkonnakompleks koosneb \u00fchest kuni \u00fcheksakorruselisest ning kuni kuuest kahekorruselisest hoonest. Peahoone on planeeritud krundi keskossa.<\/p>\n<p>1,75 hektari suurune maa-ala, kuhu kompleks kerkib, kuulub USA-le. Krunt kuulus aastani 2020 Tallinnale, kes v\u00f5\u00f5randas selle riigile. 2023. aasta juunis s\u00f5lmiti USA saatkonna ja v\u00e4lisministeeriumi <a href=\"https:\/\/www.err.ee\/1609012799\/usa-ostis-uue-saatkonna-jaoks-krundi-eesti-riigilt-valja\" target=\"_blank\" rel=\"noopener nofollow\">vahel leping<\/a>, millega USA ostis Tallinnas superministeeriumi hoone taga asuva krundi. Mis hinna eest USA krundi ostis, suursaatkond ei t\u00e4psustanud. 2020. aastal hinnati krundi v\u00e4\u00e4rtuseks kuus miljonit eurot.<\/p>\n","protected":false},"excerpt":{"rendered":"USA uue saatkonnakompleksi ehitus algab j\u00e4rgmisel aastal ning eeldatavalt s\u00fcgisel ning kogu protsessil hoiavad silma peal nii linnapea&hellip;\n","protected":false},"author":2,"featured_media":251785,"comment_status":"","ping_status":"","sticky":false,"template":"","format":"standard","meta":{"footnotes":"","_share_on_mastodon":"0"},"categories":[12],"tags":[26,27,37,33,35,34,36,31,32,21,28,29,19,4130,25,98877,23,24,22,80387,20,98876,98878,30],"class_list":["post-251784","post","type-post","status-publish","format-standard","has-post-thumbnail","category-eesti","tag-breaking-news","tag-breakingnews","tag-ee","tag-eesti","tag-eesti-keel","tag-estonia","tag-estonian","tag-featured-news","tag-featurednews","tag-headlines","tag-latest-news","tag-latestnews","tag-news","tag-peeter-raudsepp","tag-populaarseimad-lood","tag-suur-ameerika","tag-top-stories","tag-topstories","tag-uldised-uudised","tag-usa-saatkond","tag-uudised","tag-uus-maailm","tag-vaike-ameerika","tag-viimased-uudised"],"share_on_mastodon":{"url":"https:\/\/pubeurope.com\/@ee\/117092690392768935","error":""},"_links":{"self":[{"href":"https:\/\/www.europesays.com\/ee\/wp-json\/wp\/v2\/posts\/251784","targetHints":{"allow":["GET"]}}],"collection":[{"href":"https:\/\/www.europesays.com\/ee\/wp-json\/wp\/v2\/posts"}],"about":[{"href":"https:\/\/www.europesays.com\/ee\/wp-json\/wp\/v2\/types\/post"}],"author":[{"embeddable":true,"href":"https:\/\/www.europesays.com\/ee\/wp-json\/wp\/v2\/users\/2"}],"replies":[{"embeddable":true,"href":"https:\/\/www.europesays.com\/ee\/wp-json\/wp\/v2\/comments?post=251784"}],"version-history":[{"count":0,"href":"https:\/\/www.europesays.com\/ee\/wp-json\/wp\/v2\/posts\/251784\/revisions"}],"wp:featuredmedia":[{"embeddable":true,"href":"https:\/\/www.europesays.com\/ee\/wp-json\/wp\/v2\/media\/251785"}],"wp:attachment":[{"href":"https:\/\/www.europesays.com\/ee\/wp-json\/wp\/v2\/media?parent=251784"}],"wp:term":[{"taxonomy":"category","embeddable":true,"href":"https:\/\/www.europesays.com\/ee\/wp-json\/wp\/v2\/categories?post=251784"},{"taxonomy":"post_tag","embeddable":true,"href":"https:\/\/www.europesays.com\/ee\/wp-json\/wp\/v2\/tags?post=251784"}],"curies":[{"name":"wp","href":"https:\/\/api.w.org\/{rel}","templated":true}]}}