{"id":251869,"date":"2026-08-14T09:08:07","date_gmt":"2026-08-14T09:08:07","guid":{"rendered":"https:\/\/www.europesays.com\/ee\/251869\/"},"modified":"2026-08-14T09:08:07","modified_gmt":"2026-08-14T09:08:07","slug":"ule-miljoni-euro-kahjumit-rannu-saeveski-paneb-tehase-kinni-ja-koondab-koik-tootajad","status":"publish","type":"post","link":"https:\/\/www.europesays.com\/ee\/251869\/","title":{"rendered":"\u00dcle miljoni euro kahjumit. Rannu Saeveski paneb tehase kinni ja koondab k\u00f5ik t\u00f6\u00f6tajad"},"content":{"rendered":"<p>\u201eLaiemalt puudutab sarnane ebakindlus praegu suurt osa Eesti puidusektorist, p\u00e4rssides ettev\u00f5tete investeerimisvalmidust ning seades ohtu t\u00f6\u00f6kohti ja majanduslikku eluj\u00f5ulisust eelk\u00f5ige maapiirkondades,\u201c \u00fctleb Thermory \u00e4risuuna juht Fredi Kaasik.<\/p>\n<p>Tema s\u00f5nul eeldaks saeveski tegevuse kasumlikuks muutmine t\u00e4iendavaid investeeringuid, kuid praeguses turuolukorras ei ole piisavat kindlust ei nende tegemiseks ega ka vajaliku tooraine pikaajaliseks k\u00e4ttesaadavuseks. K\u00f5iki neid asjaolusid tervikuna hinnates j\u00f5utigi raske otsuseni uksed sulgeda. Ta r\u00f5hutab, et t\u00f6\u00f6tajate <a rel=\"noopener nofollow\" target=\"_blank\" href=\"https:\/\/www.delfi.ee\/teema\/96849830\/koondamine-1\" tag-id=\"96849830\">koondamine<\/a> tuleneb otseselt tegevuse l\u00f5petamisest ega ole olnud omaette eesm\u00e4rk.<\/p>\n","protected":false},"excerpt":{"rendered":"\u201eLaiemalt puudutab sarnane ebakindlus praegu suurt osa Eesti puidusektorist, p\u00e4rssides ettev\u00f5tete investeerimisvalmidust ning seades ohtu t\u00f6\u00f6kohti ja majanduslikku&hellip;\n","protected":false},"author":2,"featured_media":251870,"comment_status":"","ping_status":"","sticky":false,"template":"","format":"standard","meta":{"footnotes":"","_share_on_mastodon":"0"},"categories":[12],"tags":[26,27,37,33,35,34,36,31,32,21,2182,28,29,19,25,43365,23,24,22,20,30],"class_list":["post-251869","post","type-post","status-publish","format-standard","has-post-thumbnail","category-eesti","tag-breaking-news","tag-breakingnews","tag-ee","tag-eesti","tag-eesti-keel","tag-estonia","tag-estonian","tag-featured-news","tag-featurednews","tag-headlines","tag-koondamine","tag-latest-news","tag-latestnews","tag-news","tag-populaarseimad-lood","tag-rannu","tag-top-stories","tag-topstories","tag-uldised-uudised","tag-uudised","tag-viimased-uudised"],"share_on_mastodon":{"url":"https:\/\/pubeurope.com\/@ee\/117093079609909844","error":""},"_links":{"self":[{"href":"https:\/\/www.europesays.com\/ee\/wp-json\/wp\/v2\/posts\/251869","targetHints":{"allow":["GET"]}}],"collection":[{"href":"https:\/\/www.europesays.com\/ee\/wp-json\/wp\/v2\/posts"}],"about":[{"href":"https:\/\/www.europesays.com\/ee\/wp-json\/wp\/v2\/types\/post"}],"author":[{"embeddable":true,"href":"https:\/\/www.europesays.com\/ee\/wp-json\/wp\/v2\/users\/2"}],"replies":[{"embeddable":true,"href":"https:\/\/www.europesays.com\/ee\/wp-json\/wp\/v2\/comments?post=251869"}],"version-history":[{"count":0,"href":"https:\/\/www.europesays.com\/ee\/wp-json\/wp\/v2\/posts\/251869\/revisions"}],"wp:featuredmedia":[{"embeddable":true,"href":"https:\/\/www.europesays.com\/ee\/wp-json\/wp\/v2\/media\/251870"}],"wp:attachment":[{"href":"https:\/\/www.europesays.com\/ee\/wp-json\/wp\/v2\/media?parent=251869"}],"wp:term":[{"taxonomy":"category","embeddable":true,"href":"https:\/\/www.europesays.com\/ee\/wp-json\/wp\/v2\/categories?post=251869"},{"taxonomy":"post_tag","embeddable":true,"href":"https:\/\/www.europesays.com\/ee\/wp-json\/wp\/v2\/tags?post=251869"}],"curies":[{"name":"wp","href":"https:\/\/api.w.org\/{rel}","templated":true}]}}