{"id":251889,"date":"2026-08-14T09:39:20","date_gmt":"2026-08-14T09:39:20","guid":{"rendered":"https:\/\/www.europesays.com\/ee\/251889\/"},"modified":"2026-08-14T09:39:20","modified_gmt":"2026-08-14T09:39:20","slug":"instagram-sai-uue-logo-kasutajad-valasid-selle-kriitikaga-ule","status":"publish","type":"post","link":"https:\/\/www.europesays.com\/ee\/251889\/","title":{"rendered":"Instagram sai uue logo, kasutajad valasid selle kriitikaga \u00fcle"},"content":{"rendered":"<p>Uuendusest andis sotsiaalmeedia vahendusel teada Instagrami juht Adam Mosseri, kelle s\u00f5nul oli aeg v\u00e4rskenduseks, kuna br\u00e4nd pole 10 aasta jooksul muutunud.<\/p>\n<p><img decoding=\"async\" src=\"https:\/\/www.europesays.com\/ee\/wp-content\/uploads\/2026\/08\/d2a81400-94e0-4148-8857-2845123bbaf2.jpg\" loading=\"lazy\" alt=\"Instagrami vana ja uus logo k\u00f5rvuti.\"\/><\/p>\n<p>Kasutajad pole aga enamasti uue logoga rahul. Paljud peavad uuendust ebavajalikuks, leides, et eelmisel br\u00e4ndingul polnud midagi viga. \u201e\u00c4ra paranda seda, mis pole katki,\u201c <a rel=\"noopener follow nofollow\" target=\"_blank\" href=\"https:\/\/www.threads.com\/@eriecsantos\/post\/Db_LfkuEx3z\" data-rel-date-range=\"[]\">lausus<\/a> \u00fcks kasutaja kommentaarides.<\/p>\n<p>Mitmeid h\u00e4irib k\u00f5ige enam aga R-t\u00e4ht, mis meenutab pigem Z-t\u00e4hte v\u00f5i numbrit 7. \u201eSee ei meeldi mulle \u00fcldse. Minu jaoks on selle nimi n\u00fc\u00fcd InstagZam,\u201c <a rel=\"noopener follow nofollow\" target=\"_blank\" href=\"https:\/\/www.threads.com\/@mylifeofpics\/post\/Db_ByPyDqvP\" data-rel-date-range=\"[]\">kommenteeris<\/a> teine kasutaja.<\/p>\n<p>Teised <a rel=\"noopener follow nofollow\" target=\"_blank\" href=\"https:\/\/www.threads.com\/@mstiffanytoussaint\/post\/Db_8QPPDXdO\" data-rel-date-range=\"[]\">v\u00e4idavad<\/a>, et Instagram \u00fcritab logo muutes v\u00e4ltida tegelike probleemide adresseerimist.<\/p>\n<p>\u00dcksikud on siiski muudatusega rahul, <a rel=\"noopener follow nofollow\" target=\"_blank\" href=\"https:\/\/www.threads.com\/@stephenbeck\/post\/Db_GLbuDm_-\" data-rel-date-range=\"[]\">s\u00f5nades<\/a>, et see n\u00e4eb v\u00e4lja hea, puhas ja lihtne.<\/p>\n<p>Instagram avaldas ka teised logovariandid, mida lisaks l\u00f5pptulemusele kaaluti. V\u00e4ljaande The Verge <a rel=\"noopener follow nofollow\" target=\"_blank\" href=\"https:\/\/www.theverge.com\/tech\/979583\/this-is-instagrams-new-logo\" data-rel-date-range=\"[]\">hinnangul<\/a> oli seal nii m\u00f5nigi parem valik, kuid j\u00e4\u00e4gu see iga\u00fche enda otsustada.<\/p>\n<p>Kuidas see lugu Sind end tundma pani?Saada<\/p>\n","protected":false},"excerpt":{"rendered":"Uuendusest andis sotsiaalmeedia vahendusel teada Instagrami juht Adam Mosseri, kelle s\u00f5nul oli aeg v\u00e4rskenduseks, kuna br\u00e4nd pole 10&hellip;\n","protected":false},"author":2,"featured_media":251890,"comment_status":"","ping_status":"","sticky":false,"template":"","format":"standard","meta":{"footnotes":"","_share_on_mastodon":"0"},"categories":[14],"tags":[131,130,37,33,35,34,36,5922,2886],"class_list":["post-251889","post","type-post","status-publish","format-standard","has-post-thumbnail","category-ari","tag-ari","tag-business","tag-ee","tag-eesti","tag-eesti-keel","tag-estonia","tag-estonian","tag-instagram","tag-meta"],"share_on_mastodon":{"url":"https:\/\/pubeurope.com\/@ee\/117093202022000277","error":""},"_links":{"self":[{"href":"https:\/\/www.europesays.com\/ee\/wp-json\/wp\/v2\/posts\/251889","targetHints":{"allow":["GET"]}}],"collection":[{"href":"https:\/\/www.europesays.com\/ee\/wp-json\/wp\/v2\/posts"}],"about":[{"href":"https:\/\/www.europesays.com\/ee\/wp-json\/wp\/v2\/types\/post"}],"author":[{"embeddable":true,"href":"https:\/\/www.europesays.com\/ee\/wp-json\/wp\/v2\/users\/2"}],"replies":[{"embeddable":true,"href":"https:\/\/www.europesays.com\/ee\/wp-json\/wp\/v2\/comments?post=251889"}],"version-history":[{"count":0,"href":"https:\/\/www.europesays.com\/ee\/wp-json\/wp\/v2\/posts\/251889\/revisions"}],"wp:featuredmedia":[{"embeddable":true,"href":"https:\/\/www.europesays.com\/ee\/wp-json\/wp\/v2\/media\/251890"}],"wp:attachment":[{"href":"https:\/\/www.europesays.com\/ee\/wp-json\/wp\/v2\/media?parent=251889"}],"wp:term":[{"taxonomy":"category","embeddable":true,"href":"https:\/\/www.europesays.com\/ee\/wp-json\/wp\/v2\/categories?post=251889"},{"taxonomy":"post_tag","embeddable":true,"href":"https:\/\/www.europesays.com\/ee\/wp-json\/wp\/v2\/tags?post=251889"}],"curies":[{"name":"wp","href":"https:\/\/api.w.org\/{rel}","templated":true}]}}