{"id":252029,"date":"2026-08-14T12:02:21","date_gmt":"2026-08-14T12:02:21","guid":{"rendered":"https:\/\/www.europesays.com\/ee\/252029\/"},"modified":"2026-08-14T12:02:21","modified_gmt":"2026-08-14T12:02:21","slug":"tallinnas-vahenes-tooga-hoivatute-arv-aastaga-5800-inimese-vorra-seda-on-rohkem-kui-kogu-eestis-kokku","status":"publish","type":"post","link":"https:\/\/www.europesays.com\/ee\/252029\/","title":{"rendered":"Tallinnas v\u00e4henes t\u00f6\u00f6ga h\u00f5ivatute arv aastaga 5800 inimese v\u00f5rra. Seda on rohkem kui kogu Eestis kokku"},"content":{"rendered":"<p>Statistikaameti juhtivanal\u00fc\u00fctiku Tea Vassiljeva s\u00f5nul viitab t\u00f6\u00f6tuse v\u00e4henemine majandusolukorra paranemisele. \u201eSamas h\u00f5ives t\u00f5usu ei paista ja mitteaktiivsete suur osat\u00e4htsus t\u00f6\u00f6ealiste hulgas suuremaks optimismiks veel p\u00f5hjust ei anna,\u201c \u00fctles Vassiljeva.<\/p>\n<p>Suvine h\u00f5ivekasv j\u00e4i seekord tulemata<\/p>\n<p>H\u00f5ivatuid oli t\u00e4navu teises kvartalis 691 600, mida oli 5700 inimese v\u00f5rra v\u00e4hem kui aasta varem, kuid 5300 v\u00f5rra enam kui esimeses kvartalis. T\u00f6\u00f6h\u00f5ive m\u00e4\u00e4r 68,6% oli veidi madalam kui aasta varem ning \u00fcksnes 0,6 protsendipunkti k\u00f5rgem kui selle aasta esimeses kvartalis. \u201eSeega suve algusele omane h\u00f5ive kasv, mida teise kvartali andmetes viimastel aastatel n\u00e4ha on olnud, j\u00e4i t\u00e4navu pigem tagasihoidlikuks,\u201c kommenteeris Vassiljeva.<\/p>\n<p>Eelmise aasta sama perioodiga v\u00f5rreldes v\u00e4henes h\u00f5ivatute arv p\u00f5llumajanduses, metsamajanduses ja kalap\u00fc\u00fcgis ning teenuste sektoris, samas kui t\u00f6\u00f6stuses ja ehituses p\u00fcsis h\u00f5ivatute arv stabiilne. \u201eEraldi palgat\u00f6\u00f6tajate arvu vaadates n\u00e4eme aasta l\u00f5ikes kasvu t\u00f6\u00f6stuses ja ehituses ning ka teenuste sektoris,\u201c t\u00e4psustas Vassiljeva.<\/p>\n<p>Tallinnas v\u00e4henes h\u00f5ivatute arv aastaga 5800 inimese v\u00f5rra, mida on rohkem kui kogu Eestis kokku.<\/p>\n<p>\u201eT\u00e4helepanu v\u00e4\u00e4rivad Tallinnast v\u00e4ljapoole j\u00e4\u00e4v Harjumaa ja L\u00f5una-Eesti \u2013 need olid ainsad piirkonnad, kus h\u00f5ive suurenes nii aasta kui ka kvartali v\u00f5rdluses, samas kui mujal h\u00f5ivatute arv v\u00e4henes,\u201c t\u00f5i juhtivanal\u00fc\u00fctik v\u00e4lja.<\/p>\n<p>K\u00fcsitlusuuringu andmetel oli teises kvartalis 49 000 t\u00f6\u00f6tut, mida oli 10 200 inimese v\u00f5rra v\u00e4hem kui aasta varem. T\u00f6\u00f6tuse m\u00e4\u00e4r 6,6% oli teise kvartali n\u00e4itajatest madalaim alates 2023. aastast. \u201eKa t\u00e4navuse esimese kvartaliga v\u00f5rreldes oli t\u00f6\u00f6tuid 3200 inimese v\u00f5rra v\u00e4hem ning t\u00f6\u00f6tuse m\u00e4\u00e4r 0,5 protsendipunkti v\u00e4iksem. Sellega j\u00e4rgivad t\u00f6\u00f6tuse uuringuandmed sarnast langustrendi t\u00f6\u00f6tukassa registreeritud t\u00f6\u00f6tute n\u00e4itajatega,\u201c selgitas juhtivanal\u00fc\u00fctik. <\/p>\n<p>Noorte olukord t\u00f6\u00f6turul on endiselt keerukas<\/p>\n<p>15\u201324aastaste noorte t\u00f6\u00f6tuse m\u00e4\u00e4r oli t\u00e4navu teises kvartalis endiselt k\u00f5rge (22,4%), kuid j\u00e4i siiski alla eelmise aasta teise kvartali v\u00e4ga k\u00f5rgele n\u00e4itajale (25,4%) ning pisut ka t\u00e4navusele esimesele kvartalile (22,8%). \u201eOn tavap\u00e4rane, et noorte huvi t\u00f6\u00f6tamise vastu kasvab teises ja kolmandas kvartalis, kui on suvine koolivaheaeg, ning \u00fches sellega suureneb ka nende t\u00f6\u00f6j\u00f5us osalemine. T\u00e4navune hea uudis on aga see, et noored mitte ainult ei otsinud t\u00f6\u00f6d, vaid ka leidsid t\u00f6\u00f6,\u201c kommenteeris Vassiljeva.<\/p>\n<p>H\u00f5ivatud noori oli t\u00e4navu teises kvartalis 3300 v\u00f5rra rohkem kui aasta varem ning noorte t\u00f6\u00f6h\u00f5ive m\u00e4\u00e4r 33,8% oli 1,5 protsendipunkti v\u00f5rra suurem kui mullu teises kvartalis.<\/p>\n<p>Esimese kvartaliga v\u00f5rreldes t\u00f6\u00f6j\u00f5us mitteosalevate ehk majanduslikult mitteaktiivsete inimeste arv k\u00fcll pisut v\u00e4henes, kuid eelmise aasta teise kvartaliga v\u00f5rreldes oli mitteaktiivseid inimesi 13 100 v\u00f5rra rohkem. T\u00f6\u00f6j\u00f5us osalemise m\u00e4\u00e4r oli teises kvartalis 1,4 protsendipunkti v\u00f5rra v\u00e4iksem ehk 73,4%. \u201eMitteaktiivsuse p\u00f5hjustest torkab silma tervise t\u00f5ttu mitteaktiivsete arvu suurenemine,\u201c t\u00e4psustas Vassiljeva.<\/p>\n<p>Kuidas see lugu Sind end tundma pani?Saada<a href=\"https:\/\/arileht.delfi.ee\/artikkel\/120603710\/tallinnas-vahenes-tooga-hoivatute-arv-aastaga-5800-inimese-vorra-seda-on-rohkem-kui-kogu-eestis-kokku\/kommentaarid\" class=\"button button--primary button--size-auto article-body-bottom__comment article-body-bottom__comment--write\" style=\"\" rel=\"nofollow noopener\" target=\"_blank\">Kommenteeri<\/a><a href=\"https:\/\/arileht.delfi.ee\/artikkel\/120603710\/tallinnas-vahenes-tooga-hoivatute-arv-aastaga-5800-inimese-vorra-seda-on-rohkem-kui-kogu-eestis-kokku\/kommentaarid\" class=\"button button--size-auto article-body-bottom__comment article-body-bottom__comment--read\" style=\"\" rel=\"nofollow noopener\" target=\"_blank\">Loe kommentaare (23)<\/a><\/p>\n","protected":false},"excerpt":{"rendered":"Statistikaameti juhtivanal\u00fc\u00fctiku Tea Vassiljeva s\u00f5nul viitab t\u00f6\u00f6tuse v\u00e4henemine majandusolukorra paranemisele. \u201eSamas h\u00f5ives t\u00f5usu ei paista ja mitteaktiivsete suur&hellip;\n","protected":false},"author":2,"featured_media":252030,"comment_status":"","ping_status":"","sticky":false,"template":"","format":"standard","meta":{"footnotes":"","_share_on_mastodon":"0"},"categories":[14],"tags":[131,130,37,33,35,34,36,674,37625,675,7193],"class_list":["post-252029","post","type-post","status-publish","format-standard","has-post-thumbnail","category-ari","tag-ari","tag-business","tag-ee","tag-eesti","tag-eesti-keel","tag-estonia","tag-estonian","tag-too","tag-toopakkumine","tag-toopakkumised","tag-tootus"],"share_on_mastodon":{"url":"https:\/\/pubeurope.com\/@ee\/117093763849304958","error":""},"_links":{"self":[{"href":"https:\/\/www.europesays.com\/ee\/wp-json\/wp\/v2\/posts\/252029","targetHints":{"allow":["GET"]}}],"collection":[{"href":"https:\/\/www.europesays.com\/ee\/wp-json\/wp\/v2\/posts"}],"about":[{"href":"https:\/\/www.europesays.com\/ee\/wp-json\/wp\/v2\/types\/post"}],"author":[{"embeddable":true,"href":"https:\/\/www.europesays.com\/ee\/wp-json\/wp\/v2\/users\/2"}],"replies":[{"embeddable":true,"href":"https:\/\/www.europesays.com\/ee\/wp-json\/wp\/v2\/comments?post=252029"}],"version-history":[{"count":0,"href":"https:\/\/www.europesays.com\/ee\/wp-json\/wp\/v2\/posts\/252029\/revisions"}],"wp:featuredmedia":[{"embeddable":true,"href":"https:\/\/www.europesays.com\/ee\/wp-json\/wp\/v2\/media\/252030"}],"wp:attachment":[{"href":"https:\/\/www.europesays.com\/ee\/wp-json\/wp\/v2\/media?parent=252029"}],"wp:term":[{"taxonomy":"category","embeddable":true,"href":"https:\/\/www.europesays.com\/ee\/wp-json\/wp\/v2\/categories?post=252029"},{"taxonomy":"post_tag","embeddable":true,"href":"https:\/\/www.europesays.com\/ee\/wp-json\/wp\/v2\/tags?post=252029"}],"curies":[{"name":"wp","href":"https:\/\/api.w.org\/{rel}","templated":true}]}}