{"id":252031,"date":"2026-08-14T12:03:10","date_gmt":"2026-08-14T12:03:10","guid":{"rendered":"https:\/\/www.europesays.com\/ee\/252031\/"},"modified":"2026-08-14T12:03:10","modified_gmt":"2026-08-14T12:03:10","slug":"venemaa-plaanib-kaotada-piirivoondid-ukraina-okupeeritud-aladega-valismaa","status":"publish","type":"post","link":"https:\/\/www.europesays.com\/ee\/252031\/","title":{"rendered":"Venemaa plaanib kaotada piiriv\u00f6\u00f6ndid Ukraina okupeeritud aladega | V\u00e4lismaa"},"content":{"rendered":"<p>Moskva hakkab kaotama piiriv\u00f6\u00f6ndeid Venemaa ja Ukraina okupeeritud alade vahel, selgub s\u00f5ltumatu v\u00e4ljaande Agentstvo avaldatud Venemaa f\u00f6deraalse julgeolekuteenistuse (FSB) sisedokumentidest.<\/p>\n<p>Dokumentide kohaselt kaotatakse Rostovi ja Vorone\u017ei oblastis piki Venemaa piiri ning Luhanski ja Donetski oblasti okupeeritud osade vahel asuvad piiriv\u00f6\u00f6ndid seoses niinimetatud Luhanski Rahvavabariigi ja Donetski Rahvavabariigi &#8220;annekteerimise l\u00f5puleviimisega&#8221;.<\/p>\n<p>Samal ettek\u00e4\u00e4ndel kaotatakse piiriv\u00f6\u00f6ndid ka okupeeritud Krimmi ja Hersoni oblasti okupeeritud osade vahel. Krimmi osas s\u00e4ilitab Venemaa dokumentide j\u00e4rgi piirire\u017eiimi &#8220;Venemaa F\u00f6deratsioonile kuuluvatel Musta mere saartel&#8221;.<\/p>\n<p>Venemaa annekteeris Krimmi ebaseaduslikult 2014. aastal ning kuulutas 2022. aastal v\u00e4lja osaliselt okupeeritud Donetski, Luhanski, Hersoni ja Zapori\u017e\u017eja oblasti annekteerimise, k\u00e4sitledes Ukraina suver\u00e4\u00e4nset territooriumi Venemaa osana.<\/p>\n<p>Praegu pole selge, kas piiriv\u00f6\u00f6ndite kaotamine toob kaasa kontrollpunktide eemaldamise Venemaa poolt annekteerituks kuulutatud alade vahel v\u00f5i on tegemist pelgalt administratiivse muudatusega.<\/p>\n<p>P\u00e4rast seda, kui Venemaa 2014. aastal esmakordselt Ukraina alasid okupeeris, on sealsed okupeeritud piirkonnad saanud kurikuulsaks kuritegevuse ja seadusetuse poolest.<\/p>\n<p>Vene v\u00f5imud s\u00e4ilitasid piirikontrolli, et t\u00f5kestada relvade, uimastite ja muu salakauba vedu tagasi Venemaa territooriumile.<\/p>\n","protected":false},"excerpt":{"rendered":"Moskva hakkab kaotama piiriv\u00f6\u00f6ndeid Venemaa ja Ukraina okupeeritud alade vahel, selgub s\u00f5ltumatu v\u00e4ljaande Agentstvo avaldatud Venemaa f\u00f6deraalse julgeolekuteenistuse&hellip;\n","protected":false},"author":2,"featured_media":252032,"comment_status":"","ping_status":"","sticky":false,"template":"","format":"standard","meta":{"footnotes":"","_share_on_mastodon":"0"},"categories":[80],"tags":[26,27,4556,37,33,35,34,36,31,32,21,1856,28,29,11631,95,19,98937,25,23,24,262,22,20,96,30,92,93,94],"class_list":["post-252031","post","type-post","status-publish","format-standard","has-post-thumbnail","category-maailm","tag-breaking-news","tag-breakingnews","tag-donetsk","tag-ee","tag-eesti","tag-eesti-keel","tag-estonia","tag-estonian","tag-featured-news","tag-featurednews","tag-headlines","tag-krimm","tag-latest-news","tag-latestnews","tag-luhansk","tag-maailm","tag-news","tag-piirivoond","tag-populaarseimad-lood","tag-top-stories","tag-topstories","tag-ukraina","tag-uldised-uudised","tag-uudised","tag-venemaa","tag-viimased-uudised","tag-world","tag-world-news","tag-worldnews"],"share_on_mastodon":{"url":"https:\/\/pubeurope.com\/@ee\/117093768060554593","error":""},"_links":{"self":[{"href":"https:\/\/www.europesays.com\/ee\/wp-json\/wp\/v2\/posts\/252031","targetHints":{"allow":["GET"]}}],"collection":[{"href":"https:\/\/www.europesays.com\/ee\/wp-json\/wp\/v2\/posts"}],"about":[{"href":"https:\/\/www.europesays.com\/ee\/wp-json\/wp\/v2\/types\/post"}],"author":[{"embeddable":true,"href":"https:\/\/www.europesays.com\/ee\/wp-json\/wp\/v2\/users\/2"}],"replies":[{"embeddable":true,"href":"https:\/\/www.europesays.com\/ee\/wp-json\/wp\/v2\/comments?post=252031"}],"version-history":[{"count":0,"href":"https:\/\/www.europesays.com\/ee\/wp-json\/wp\/v2\/posts\/252031\/revisions"}],"wp:featuredmedia":[{"embeddable":true,"href":"https:\/\/www.europesays.com\/ee\/wp-json\/wp\/v2\/media\/252032"}],"wp:attachment":[{"href":"https:\/\/www.europesays.com\/ee\/wp-json\/wp\/v2\/media?parent=252031"}],"wp:term":[{"taxonomy":"category","embeddable":true,"href":"https:\/\/www.europesays.com\/ee\/wp-json\/wp\/v2\/categories?post=252031"},{"taxonomy":"post_tag","embeddable":true,"href":"https:\/\/www.europesays.com\/ee\/wp-json\/wp\/v2\/tags?post=252031"}],"curies":[{"name":"wp","href":"https:\/\/api.w.org\/{rel}","templated":true}]}}