{"id":252065,"date":"2026-08-14T12:37:23","date_gmt":"2026-08-14T12:37:23","guid":{"rendered":"https:\/\/www.europesays.com\/ee\/252065\/"},"modified":"2026-08-14T12:37:23","modified_gmt":"2026-08-14T12:37:23","slug":"toopuudus-vahenes-margatavalt","status":"publish","type":"post","link":"https:\/\/www.europesays.com\/ee\/252065\/","title":{"rendered":"T\u00f6\u00f6puudus v\u00e4henes m\u00e4rgatavalt"},"content":{"rendered":"<p>&#13;<br \/>\n                                Majanduskasvu kiirenemine on toonud kaasa t\u00f6\u00f6turu olukorra paranemise, m\u00e4rkis Swedbanki vanem\u00f6konomist Liis Elmik.<\/p>\n<p>Statistikaameti uuringu j\u00e4rgi alanes teises kvartalis t\u00f6\u00f6tute arv oluliselt. Samas \u00fcllatuslik oli h\u00f5ive langus 6000 inimese v\u00f5rra, mida teised andmeallikad ei kinnita.\u00a0\u00a0<\/p>\n<p>T\u00f6\u00f6turg n\u00e4itab elavnemise m\u00e4rke: t\u00f6\u00f6puudus v\u00e4heneb ja t\u00f6\u00f6pakkumiste arv kasvab<\/p>\n<p>Majanduse elavnemisele viitab t\u00e4itmata ametikohtade hulk. T\u00f6\u00f6tukassas oli juulis t\u00f6\u00f6kuulutusi koguni 37 protsenti rohkem kui aasta tagasi.\u00a0<\/p>\n<p>T\u00f6\u00f6tuse m\u00e4\u00e4r oli statistikaameti uuringu j\u00e4rgi teises kvartalis 6,6 protsenti. T\u00f6\u00f6puudus v\u00e4henes m\u00e4rgatavalt nii eelmise kvartali kui eelmise aasta sama ajaga v\u00f5rreldes. T\u00f6\u00f6tuse m\u00e4\u00e4r alaneb Swedbanki prognoosi kohaselt eelmise aasta 7,5 protsendilt sel aastal 6,7 protsendile. J\u00e4rgmisel aastal v\u00e4heneb t\u00f6\u00f6tuse m\u00e4\u00e4r veelgi ja langeb 6,2 protsendile.<\/p>\n<p>Eurostati andmetel oli t\u00f6\u00f6puudus Eestis juunis Euroopa Liidu keskmisest k\u00f5rgem, kuid samas madalam kui meie naaberriikides Soomes ja Rootsis, kus t\u00f6\u00f6tuse m\u00e4\u00e4r ulatus juunis 9\u201310 protsendini. L\u00e4tis ja Leedus oli t\u00f6\u00f6tuse m\u00e4\u00e4r ligi 7 protsenti. Eesti t\u00f6\u00f6turg on paindlik ning enamik inimesi leiab t\u00f6\u00f6alase rakenduse ka siis, kui majanduse olukord on olnud pikemat aega kehv.<\/p>\n<p>Registreeritud t\u00f6\u00f6tuse m\u00e4\u00e4r oli juuli l\u00f5pus 5,7 protsenti. Alla kuue protsendi langes see mais ning on p\u00fcsinud sellel tasemel siiani. Viimati oli registreeritud t\u00f6\u00f6tus nii madal enne 2020. aasta viirusekriisist tingitud majanduslanguse algust \u2013 2020. aasta veebruaris.<\/p>\n<p>K\u00f5ik t\u00f6\u00f6otsijad ei kvalifitseeru t\u00f6\u00f6tukassa toetustele ega registreeri end t\u00f6\u00f6tuna, mist\u00f5ttu on registreeritud t\u00f6\u00f6tuse m\u00e4\u00e4r \u00fcldjuhul madalam kui tegelik t\u00f6\u00f6tuse m\u00e4\u00e4r.<\/p>\n<p>T\u00f6\u00f6tute oskused ei vasta alati t\u00f6\u00f6turu vajadustele<\/p>\n<p>T\u00f6\u00f6 leidmist takistavad sageli v\u00e4hesed oskused v\u00f5i kehv tervis. Registreeritud t\u00f6\u00f6tutest 56 protsendil puudus erialane haridus v\u00f5i piisav eesti keele oskus ning 19 protsendil oli v\u00e4henenud t\u00f6\u00f6v\u00f5ime. See n\u00e4itab, et t\u00f6\u00f6tute hulgas on palju inimesi, kes vajavad t\u00f6\u00f6 leidmiseks t\u00e4iend- v\u00f5i \u00fcmber\u00f5pet. Ukraina s\u00f5jap\u00f5genikud moodustasid registreeritud t\u00f6\u00f6tutest vaid viis protsenti.<\/p>\n<p>H\u00f5ivatute arv p\u00fcsis teises kvartalis endiselt k\u00f5rgel tasemel. H\u00f5ive kasvas palgat\u00f6\u00f6tajate seas, kuid v\u00e4henes ettev\u00f5tjate hulgas.\u00a0Kuna ettev\u00f5tjaid on ligikaudu kaheksa korda v\u00e4hem kui palgat\u00f6\u00f6tajaid, on valikuuringu p\u00f5hjal nende arvu keerulisem t\u00e4pselt hinnata.<\/p>\n<p>Maksu- ja tolliameti andmetel oli teises kvartalis h\u00f5ivatud t\u00f6\u00f6kohti rohkem kui aasta varem. K\u00f5ige enam kasvas h\u00f5ive ehituses ja tervishoius.\u00a0M\u00f5lemas valdkonnas valitseb terav t\u00f6\u00f6j\u00f5upuudus ning paljud t\u00f6\u00f6tajad t\u00f6\u00f6tavad sama ajal mitme t\u00f6\u00f6andja juures.<\/p>\n","protected":false},"excerpt":{"rendered":"&#13; Majanduskasvu kiirenemine on toonud kaasa t\u00f6\u00f6turu olukorra paranemise, m\u00e4rkis Swedbanki vanem\u00f6konomist Liis Elmik. Statistikaameti uuringu j\u00e4rgi alanes&hellip;\n","protected":false},"author":2,"featured_media":252066,"comment_status":"","ping_status":"","sticky":false,"template":"","format":"standard","meta":{"footnotes":"","_share_on_mastodon":"0"},"categories":[12],"tags":[26,27,37,33,35,34,36,31,32,21,28,29,19,25,2559,6235,2161,23,24,22,20,30],"class_list":["post-252065","post","type-post","status-publish","format-standard","has-post-thumbnail","category-eesti","tag-breaking-news","tag-breakingnews","tag-ee","tag-eesti","tag-eesti-keel","tag-estonia","tag-estonian","tag-featured-news","tag-featurednews","tag-headlines","tag-latest-news","tag-latestnews","tag-news","tag-populaarseimad-lood","tag-statistikaamet","tag-toopuudus","tag-tooturg","tag-top-stories","tag-topstories","tag-uldised-uudised","tag-uudised","tag-viimased-uudised"],"share_on_mastodon":{"url":"https:\/\/pubeurope.com\/@ee\/117093901589752916","error":""},"_links":{"self":[{"href":"https:\/\/www.europesays.com\/ee\/wp-json\/wp\/v2\/posts\/252065","targetHints":{"allow":["GET"]}}],"collection":[{"href":"https:\/\/www.europesays.com\/ee\/wp-json\/wp\/v2\/posts"}],"about":[{"href":"https:\/\/www.europesays.com\/ee\/wp-json\/wp\/v2\/types\/post"}],"author":[{"embeddable":true,"href":"https:\/\/www.europesays.com\/ee\/wp-json\/wp\/v2\/users\/2"}],"replies":[{"embeddable":true,"href":"https:\/\/www.europesays.com\/ee\/wp-json\/wp\/v2\/comments?post=252065"}],"version-history":[{"count":0,"href":"https:\/\/www.europesays.com\/ee\/wp-json\/wp\/v2\/posts\/252065\/revisions"}],"wp:featuredmedia":[{"embeddable":true,"href":"https:\/\/www.europesays.com\/ee\/wp-json\/wp\/v2\/media\/252066"}],"wp:attachment":[{"href":"https:\/\/www.europesays.com\/ee\/wp-json\/wp\/v2\/media?parent=252065"}],"wp:term":[{"taxonomy":"category","embeddable":true,"href":"https:\/\/www.europesays.com\/ee\/wp-json\/wp\/v2\/categories?post=252065"},{"taxonomy":"post_tag","embeddable":true,"href":"https:\/\/www.europesays.com\/ee\/wp-json\/wp\/v2\/tags?post=252065"}],"curies":[{"name":"wp","href":"https:\/\/api.w.org\/{rel}","templated":true}]}}