{"id":252071,"date":"2026-08-14T12:46:10","date_gmt":"2026-08-14T12:46:10","guid":{"rendered":"https:\/\/www.europesays.com\/ee\/252071\/"},"modified":"2026-08-14T12:46:10","modified_gmt":"2026-08-14T12:46:10","slug":"majandust-ennustada-on-aina-keerulisem-suuri-otsuseid-tuleb-teha-ebakindlate-prognooside-pohjal","status":"publish","type":"post","link":"https:\/\/www.europesays.com\/ee\/252071\/","title":{"rendered":"Majandust ennustada on aina keerulisem. Suuri otsuseid tuleb teha ebakindlate prognooside p\u00f5hjal"},"content":{"rendered":"<p>Viimasel ajal on Soome meedias palju juttu sellest, et riigi majandusprognoosid l\u00e4hevad pidevalt valesti. Sealsete uuringute j\u00e4rgi on Soome rahandusministeerium hinnanud majanduskasvu viimase 15 aasta jooksul tegelikkusega v\u00f5rreldes \u00fcle kahe korra suuremaks.<\/p>\n<p>Eestis on olukord sarnane, sest v\u00e4ikese ja avatud riigina on meie majandust raskem ennustada ja prognoosivead on keskmisest suuremad. Euroopa Eelarven\u00f5ukogu andmetel on ka teiste Balti riikide prognoosid euroalaga v\u00f5rreldes palju ebat\u00e4psemad ja heitlikumad, mis n\u00e4itab, et siinne majandus reagreerib vapustustele tugevamalt.<\/p>\n","protected":false},"excerpt":{"rendered":"Viimasel ajal on Soome meedias palju juttu sellest, et riigi majandusprognoosid l\u00e4hevad pidevalt valesti. Sealsete uuringute j\u00e4rgi on&hellip;\n","protected":false},"author":2,"featured_media":252072,"comment_status":"","ping_status":"","sticky":false,"template":"","format":"standard","meta":{"footnotes":"","_share_on_mastodon":"0"},"categories":[14],"tags":[131,130,37,33,35,2183,34,36,18900,1016,2275,373],"class_list":["post-252071","post","type-post","status-publish","format-standard","has-post-thumbnail","category-ari","tag-ari","tag-business","tag-ee","tag-eesti","tag-eesti-keel","tag-eesti-pank","tag-estonia","tag-estonian","tag-maksumuudatused","tag-riigieelarve","tag-swedbank","tag-tehisintellekt"],"share_on_mastodon":{"url":"https:\/\/pubeurope.com\/@ee\/117093937121892344","error":""},"_links":{"self":[{"href":"https:\/\/www.europesays.com\/ee\/wp-json\/wp\/v2\/posts\/252071","targetHints":{"allow":["GET"]}}],"collection":[{"href":"https:\/\/www.europesays.com\/ee\/wp-json\/wp\/v2\/posts"}],"about":[{"href":"https:\/\/www.europesays.com\/ee\/wp-json\/wp\/v2\/types\/post"}],"author":[{"embeddable":true,"href":"https:\/\/www.europesays.com\/ee\/wp-json\/wp\/v2\/users\/2"}],"replies":[{"embeddable":true,"href":"https:\/\/www.europesays.com\/ee\/wp-json\/wp\/v2\/comments?post=252071"}],"version-history":[{"count":0,"href":"https:\/\/www.europesays.com\/ee\/wp-json\/wp\/v2\/posts\/252071\/revisions"}],"wp:featuredmedia":[{"embeddable":true,"href":"https:\/\/www.europesays.com\/ee\/wp-json\/wp\/v2\/media\/252072"}],"wp:attachment":[{"href":"https:\/\/www.europesays.com\/ee\/wp-json\/wp\/v2\/media?parent=252071"}],"wp:term":[{"taxonomy":"category","embeddable":true,"href":"https:\/\/www.europesays.com\/ee\/wp-json\/wp\/v2\/categories?post=252071"},{"taxonomy":"post_tag","embeddable":true,"href":"https:\/\/www.europesays.com\/ee\/wp-json\/wp\/v2\/tags?post=252071"}],"curies":[{"name":"wp","href":"https:\/\/api.w.org\/{rel}","templated":true}]}}