{"id":252265,"date":"2026-08-14T16:40:10","date_gmt":"2026-08-14T16:40:10","guid":{"rendered":"https:\/\/www.europesays.com\/ee\/252265\/"},"modified":"2026-08-14T16:40:10","modified_gmt":"2026-08-14T16:40:10","slug":"fia-lubab-venemaa-soitjatel-taas-voistelda-oma-lipu-all","status":"publish","type":"post","link":"https:\/\/www.europesays.com\/ee\/252265\/","title":{"rendered":"FIA lubab Venemaa s\u00f5itjatel taas v\u00f5istelda oma lipu all"},"content":{"rendered":"<p>Alates 2022. aastast ei tohtinud Venemaa ega Valgevene s\u00f5itjad ega meeskonnad FIA v\u00f5istlustel oma lipu all v\u00f5istelda. Meie idanaabrid olid k\u00fcll v\u00f5istlustel stardis, sest Nikolai Grjazin on viimastel aastatel bulgaarlane ning Aleksei Lukjanuk annab teedel kuuma K\u00fcprose lipu all.<\/p>\n<p>Edaspidi n\u00e4eme v\u00f5istlustel taas Venemaa trikoloori ja v\u00f5ib kuulda idanaabrite h\u00fcmni. Maailma motospordi n\u00f5ukogu kiitis asja heaks augusti alguses ning otsus tehti avalikuks sel n\u00e4dalal.<\/p>\n<p>T\u00f5si, m\u00f5ned erandid j\u00e4id j\u00f5usse. Kui v\u00f5istlusi korraldava riigi seadused ei luba venelastel v\u00f5istelda, siis on see \u00fclimuslik. Samuti ei tohi Venemaa territooriumil korraldada FIA egiidi all toimuvaid v\u00f5istlusi.<\/p>\n<p>Kuidas see lugu Sind end tundma pani?Saada<a href=\"https:\/\/sport.delfi.ee\/artikkel\/120603893\/sss\/kommentaarid\" class=\"button button--primary button--size-auto article-body-bottom__comment article-body-bottom__comment--write\" style=\"\" rel=\"nofollow noopener\" target=\"_blank\">Kommenteeri<\/a><a href=\"https:\/\/sport.delfi.ee\/artikkel\/120603893\/sss\/kommentaarid\" class=\"button button--size-auto article-body-bottom__comment article-body-bottom__comment--read\" style=\"\" rel=\"nofollow noopener\" target=\"_blank\">Loe kommentaare (8)<\/a><\/p>\n","protected":false},"excerpt":{"rendered":"Alates 2022. aastast ei tohtinud Venemaa ega Valgevene s\u00f5itjad ega meeskonnad FIA v\u00f5istlustel oma lipu all v\u00f5istelda. Meie&hellip;\n","protected":false},"author":2,"featured_media":252266,"comment_status":"","ping_status":"","sticky":false,"template":"","format":"standard","meta":{"footnotes":"","_share_on_mastodon":"0"},"categories":[18],"tags":[37,33,35,34,36,3306,159,158],"class_list":["post-252265","post","type-post","status-publish","format-standard","has-post-thumbnail","category-sport","tag-ee","tag-eesti","tag-eesti-keel","tag-estonia","tag-estonian","tag-fia","tag-sport","tag-sports"],"share_on_mastodon":{"url":"https:\/\/pubeurope.com\/@ee\/117094857212169640","error":""},"_links":{"self":[{"href":"https:\/\/www.europesays.com\/ee\/wp-json\/wp\/v2\/posts\/252265","targetHints":{"allow":["GET"]}}],"collection":[{"href":"https:\/\/www.europesays.com\/ee\/wp-json\/wp\/v2\/posts"}],"about":[{"href":"https:\/\/www.europesays.com\/ee\/wp-json\/wp\/v2\/types\/post"}],"author":[{"embeddable":true,"href":"https:\/\/www.europesays.com\/ee\/wp-json\/wp\/v2\/users\/2"}],"replies":[{"embeddable":true,"href":"https:\/\/www.europesays.com\/ee\/wp-json\/wp\/v2\/comments?post=252265"}],"version-history":[{"count":0,"href":"https:\/\/www.europesays.com\/ee\/wp-json\/wp\/v2\/posts\/252265\/revisions"}],"wp:featuredmedia":[{"embeddable":true,"href":"https:\/\/www.europesays.com\/ee\/wp-json\/wp\/v2\/media\/252266"}],"wp:attachment":[{"href":"https:\/\/www.europesays.com\/ee\/wp-json\/wp\/v2\/media?parent=252265"}],"wp:term":[{"taxonomy":"category","embeddable":true,"href":"https:\/\/www.europesays.com\/ee\/wp-json\/wp\/v2\/categories?post=252265"},{"taxonomy":"post_tag","embeddable":true,"href":"https:\/\/www.europesays.com\/ee\/wp-json\/wp\/v2\/tags?post=252265"}],"curies":[{"name":"wp","href":"https:\/\/api.w.org\/{rel}","templated":true}]}}