{"id":252305,"date":"2026-08-14T17:36:12","date_gmt":"2026-08-14T17:36:12","guid":{"rendered":"https:\/\/www.europesays.com\/ee\/252305\/"},"modified":"2026-08-14T17:36:12","modified_gmt":"2026-08-14T17:36:12","slug":"usa-kindlustusfirma-juhi-tapja-tunnistas-suud-valismaa-2","status":"publish","type":"post","link":"https:\/\/www.europesays.com\/ee\/252305\/","title":{"rendered":"USA kindlustusfirma juhi tapja tunnistas s\u00fc\u00fcd | V\u00e4lismaa"},"content":{"rendered":"<p>USA kodanik Luigi Mangione tunnistas end reedel New Yorgi f\u00f6deraalkohtus s\u00fc\u00fcdi 2024. aastal toimunud United Healthcare&#8217;i juhi Brian Thompsoni surmaga l\u00f5ppenud j\u00e4litamises.<\/p>\n<p>&#8220;Lasin h\u00e4rra Thompsoni Manhattanil maha ja ta suri,&#8221; lausus Mangione kohtus.<\/p>\n<p>Kohe p\u00e4rast p\u00e4rast s\u00fc\u00fc tunnistamist esitasid Mangione kaitsjad New Yorgi osariigikohtule taotluse t\u00fchistada Thompsoni tapmisega seotud m\u00f5rva- ja muud s\u00fc\u00fcdistused osariigis kehtiva topeltkaristatavuse keelu alusel.<\/p>\n<p>Thompson juhtis United Health Groupi kindlustusharu, kuni ta 4. detsembri 2024 varahommikul maha lasti. Tulistamine toimus investorite konverentsi v\u00f5\u00f5rustanud hotelli ees.\u00a0<\/p>\n<p>Mangione s\u00f5nul ajendas teda ka aastaid kestnud valu, mida ta kannatas murtud selja t\u00f5ttu.<\/p>\n<p>Kohtuotsus kuulutatakse v\u00e4lja 18. detsembril.<\/p>\n<p>Poliitikud ja teised avaliku elu tegelased m\u00f5istsid jultunud kuriteo teravalt hukka, kuid laiemas plaanis muutus see ameeriklaste ravikindlustuss\u00fcsteemi vastu suunatud pahameele s\u00fcmboliks.\u00a0<\/p>\n<p>Manhattani f\u00f6deraalprokur\u00f6r Jamie McDonald teatas, et taotleb eluaegset vanglakaristust Thompsoni surmaga l\u00f5ppenud osariikidevahelise j\u00e4litamise ning elektroonilise sidevahendi kasutamise eest j\u00e4litamise eesm\u00e4rgil.<\/p>\n<p>Mangione tunnistas end s\u00fc\u00fcdi vaid m\u00f5ni n\u00e4dal enne seda, kui Manhattani \u00fclemkohtus pidi algama vandekohtunike valik tema vastu esitatud m\u00f5rvas\u00fc\u00fcdistuse arutamiseks.<\/p>\n<p>Esialgu pole selge, kas osariigi tasandi kohtuprotsess \u00fcldse toimub, sest kaitsjad esitasid reedesele s\u00fc\u00fc omaksv\u00f5tule viidates uue taotluse sealses kohtus esitatud s\u00fc\u00fcdistuste t\u00fchistamiseks.<\/p>\n<p>Topeltkaristatavuse keeld ei luba isikut sama teo eest teist korda kohtu alla anda.<\/p>\n<p>Manhattani ringkonnaprokuratuur v\u00f5ib kaitse argumendile vastata v\u00e4itega, et osariigi kriminaalasi ei ole otseselt seotud sama teoga, mille eest mehele f\u00f6deraalkohtus s\u00fc\u00fcdistus esitati.<\/p>\n<p>28-aastane Mangione selgitas kohtus, et hakkas 2024. aasta detsembris koguma infot UnitedHealthcare&#8217;i iga-aastase investorite konverentsi kohta. Seej\u00e4rel valmistas ta 3D-printeriga tulirelva detaili ning s\u00f5itis New Yorki eesm\u00e4rgiga Thompson tappa.<\/p>\n<p>\u0160okeerivad kaadrid tapmisest ja viis p\u00e4eva kestnud inimjaht t\u00f5id juhtumile laia meediakajastuse ning tekitasid sotsiaalmeedias tormi. Mangione peeti viimaks kinni Pennsylvanias.<\/p>\n","protected":false},"excerpt":{"rendered":"USA kodanik Luigi Mangione tunnistas end reedel New Yorgi f\u00f6deraalkohtus s\u00fc\u00fcdi 2024. aastal toimunud United Healthcare&#8217;i juhi Brian&hellip;\n","protected":false},"author":2,"featured_media":252306,"comment_status":"","ping_status":"","sticky":false,"template":"","format":"standard","meta":{"footnotes":"","_share_on_mastodon":"0"},"categories":[14],"tags":[131,130,37,33,35,34,36,1752,40156,99003],"class_list":["post-252305","post","type-post","status-publish","format-standard","has-post-thumbnail","category-ari","tag-ari","tag-business","tag-ee","tag-eesti","tag-eesti-keel","tag-estonia","tag-estonian","tag-kohus","tag-luigi-mangione","tag-united-healtcare"],"share_on_mastodon":{"url":"","error":""},"_links":{"self":[{"href":"https:\/\/www.europesays.com\/ee\/wp-json\/wp\/v2\/posts\/252305","targetHints":{"allow":["GET"]}}],"collection":[{"href":"https:\/\/www.europesays.com\/ee\/wp-json\/wp\/v2\/posts"}],"about":[{"href":"https:\/\/www.europesays.com\/ee\/wp-json\/wp\/v2\/types\/post"}],"author":[{"embeddable":true,"href":"https:\/\/www.europesays.com\/ee\/wp-json\/wp\/v2\/users\/2"}],"replies":[{"embeddable":true,"href":"https:\/\/www.europesays.com\/ee\/wp-json\/wp\/v2\/comments?post=252305"}],"version-history":[{"count":0,"href":"https:\/\/www.europesays.com\/ee\/wp-json\/wp\/v2\/posts\/252305\/revisions"}],"wp:featuredmedia":[{"embeddable":true,"href":"https:\/\/www.europesays.com\/ee\/wp-json\/wp\/v2\/media\/252306"}],"wp:attachment":[{"href":"https:\/\/www.europesays.com\/ee\/wp-json\/wp\/v2\/media?parent=252305"}],"wp:term":[{"taxonomy":"category","embeddable":true,"href":"https:\/\/www.europesays.com\/ee\/wp-json\/wp\/v2\/categories?post=252305"},{"taxonomy":"post_tag","embeddable":true,"href":"https:\/\/www.europesays.com\/ee\/wp-json\/wp\/v2\/tags?post=252305"}],"curies":[{"name":"wp","href":"https:\/\/api.w.org\/{rel}","templated":true}]}}