{"id":252351,"date":"2026-08-14T18:32:11","date_gmt":"2026-08-14T18:32:11","guid":{"rendered":"https:\/\/www.europesays.com\/ee\/252351\/"},"modified":"2026-08-14T18:32:11","modified_gmt":"2026-08-14T18:32:11","slug":"nyt-venemaa-testib-ulatuslikku-euroopa-destabiliseerimiskampaaniat-moldovas","status":"publish","type":"post","link":"https:\/\/www.europesays.com\/ee\/252351\/","title":{"rendered":"NYT: Venemaa testib ulatuslikku Euroopa destabiliseerimiskampaaniat Moldovas"},"content":{"rendered":"<p>M\u00f6\u00f6dunud aasta detsembris kritiseeris Putin Euroopa liidreid Venemaa-vastase h\u00fcsteeria \u00f5hutamises. Veidi p\u00e4rast seda kohtus ta kinniste uste taga Venemaa s\u00f5jav\u00e4e- ja luurejuhtkonnaga, kus andis neile 2026. aasta eesm\u00e4rgiks lammutada NATO ja EL seestpoolt, \u00fctlesid ametnikud v\u00e4ljaandele.<\/p>\n<p>Kremlil on praegu kaks peamist eesm\u00e4rki, milleks on Ukraina vallutamine ja kontrolli saavutamine Moldova \u00fcle. Moldova kontrollimine annaks Venemaale ideaalse tugipunkti alliansi survestamiseks, m\u00e4rkisid ametnikud.<\/p>\n<p>Ukraina t\u00e4iemahulise sissetungi algusest p\u00e4rit Venemaa v\u00e4gede liikumiste kaart vihjas, et \u00fcheks Kremli eesm\u00e4rgiks oli j\u00f5uda L\u00f5una-Ukraina kaudu Moldova separatistlikku piirkonda Transnistriasse. Venemaa pole seda k\u00fcll saavutanud, kuid ametnike s\u00f5nul loodab Putin endiselt luua maismaakoridori Venemaalt Moldovasse.<\/p>\n<p>Moldova on olnud varemgi Venemaa kampaaniate sihtm\u00e4rgiks. \u00dcks t\u00e4helepanuv\u00e4\u00e4rsemaid Venemaa sekkumisi toimus Moldova parlamendivalimiste ajal m\u00f6\u00f6dunud aasta s\u00fcgisel, eesm\u00e4rgiga kukutada l\u00e4\u00e4nemeelne valitsus ja president <a rel=\"noopener nofollow\" target=\"_blank\" href=\"https:\/\/www.delfi.ee\/teema\/91685283\/maia-sandu\" tag-id=\"91685283\">Maia Sandu<\/a>.<\/p>\n<p>Kampaanias kasutati juba selleks ajaks tuttavaid meetodeid, nagu k\u00fcberr\u00fcnnakuid ja valeinfo levitamist. New York Times m\u00e4rkis, et Moskva p\u00fc\u00fcdis valimisi m\u00f5jutada isegi Moldova \u00f5igeusu preestritele maksmise, valijate altk\u00e4emaksuskeemide ja t\u00e4navarahutuste treeninglaagrite korraldamisega.<\/p>\n<p>Moldova v\u00f5imud suutsid suuremad massiprotestid \u00e4ra hoida ja Sandu toetatud l\u00e4\u00e4nemeelne partei s\u00e4ilitas parlamendis enamuse. Hoolimata tagasil\u00f6\u00f6gist pole Venemaa peatunud ja valmistub pikaajaliseks destabiliseerimiskampaaniaks, r\u00f5hutasid ametnikud.<\/p>\n<p>Kuidas see lugu Sind end tundma pani?Saada<a href=\"https:\/\/www.delfi.ee\/artikkel\/120603926\/nyt-venemaa-testib-ulatuslikku-euroopa-destabiliseerimiskampaaniat-moldovas\/kommentaarid\" class=\"button button--primary button--size-auto article-body-bottom__comment article-body-bottom__comment--write\" style=\"\" rel=\"nofollow noopener\" target=\"_blank\">Kommenteeri<\/a><a href=\"https:\/\/www.delfi.ee\/artikkel\/120603926\/nyt-venemaa-testib-ulatuslikku-euroopa-destabiliseerimiskampaaniat-moldovas\/kommentaarid\" class=\"button button--size-auto article-body-bottom__comment article-body-bottom__comment--read\" style=\"\" rel=\"nofollow noopener\" target=\"_blank\">Loe kommentaare (3)<\/a><\/p>\n","protected":false},"excerpt":{"rendered":"M\u00f6\u00f6dunud aasta detsembris kritiseeris Putin Euroopa liidreid Venemaa-vastase h\u00fcsteeria \u00f5hutamises. Veidi p\u00e4rast seda kohtus ta kinniste uste taga&hellip;\n","protected":false},"author":2,"featured_media":252352,"comment_status":"","ping_status":"","sticky":false,"template":"","format":"standard","meta":{"footnotes":"","_share_on_mastodon":"0"},"categories":[14],"tags":[131,130,37,33,35,34,36,590,1951,1949,54,96,661],"class_list":["post-252351","post","type-post","status-publish","format-standard","has-post-thumbnail","category-ari","tag-ari","tag-business","tag-ee","tag-eesti","tag-eesti-keel","tag-estonia","tag-estonian","tag-euroopa-liit","tag-maia-sandu","tag-moldova","tag-nato","tag-venemaa","tag-vladimir-putin"],"share_on_mastodon":{"url":"https:\/\/pubeurope.com\/@ee\/117095297359524043","error":""},"_links":{"self":[{"href":"https:\/\/www.europesays.com\/ee\/wp-json\/wp\/v2\/posts\/252351","targetHints":{"allow":["GET"]}}],"collection":[{"href":"https:\/\/www.europesays.com\/ee\/wp-json\/wp\/v2\/posts"}],"about":[{"href":"https:\/\/www.europesays.com\/ee\/wp-json\/wp\/v2\/types\/post"}],"author":[{"embeddable":true,"href":"https:\/\/www.europesays.com\/ee\/wp-json\/wp\/v2\/users\/2"}],"replies":[{"embeddable":true,"href":"https:\/\/www.europesays.com\/ee\/wp-json\/wp\/v2\/comments?post=252351"}],"version-history":[{"count":0,"href":"https:\/\/www.europesays.com\/ee\/wp-json\/wp\/v2\/posts\/252351\/revisions"}],"wp:featuredmedia":[{"embeddable":true,"href":"https:\/\/www.europesays.com\/ee\/wp-json\/wp\/v2\/media\/252352"}],"wp:attachment":[{"href":"https:\/\/www.europesays.com\/ee\/wp-json\/wp\/v2\/media?parent=252351"}],"wp:term":[{"taxonomy":"category","embeddable":true,"href":"https:\/\/www.europesays.com\/ee\/wp-json\/wp\/v2\/categories?post=252351"},{"taxonomy":"post_tag","embeddable":true,"href":"https:\/\/www.europesays.com\/ee\/wp-json\/wp\/v2\/tags?post=252351"}],"curies":[{"name":"wp","href":"https:\/\/api.w.org\/{rel}","templated":true}]}}