{"id":252391,"date":"2026-08-14T19:48:12","date_gmt":"2026-08-14T19:48:12","guid":{"rendered":"https:\/\/www.europesays.com\/ee\/252391\/"},"modified":"2026-08-14T19:48:12","modified_gmt":"2026-08-14T19:48:12","slug":"tipphetked-debutant-hoidis-nulli-kapten-skooris-ja-tammeka-kerkis-viiendaks-soccernet-ee","status":"publish","type":"post","link":"https:\/\/www.europesays.com\/ee\/252391\/","title":{"rendered":"Tipphetked: deb\u00fctant hoidis nulli, kapten skooris ja Tammeka kerkis viiendaks &#8211; Soccernet.ee"},"content":{"rendered":"<p><img decoding=\"async\" src=\"https:\/\/www.europesays.com\/ee\/wp-content\/uploads\/2026\/08\/1781726627.jpg\" alt=\"Kapten Oliver Kangaslahti l\u00f5i Tammeka v\u00f5idule. Foto: Anna Andreas\"\/>&#13;\n<\/p>\n<p>Tartu Tammeka kerkis Premium liiga tabelis viiendale kohale, kui 23. voorus alistati v\u00f5\u00f5rsil N\u00f5mme United 1:0.<\/p>\n<p>Tammeka v\u00e4ravasuul tegi deb\u00fc\u00fcdi 18-aastane kindamees Kristofer Sahtel, kes hoidis oma seljataguse puhtana. Kohtumise ainsa v\u00e4rava eest hoolitses k\u00fclalismeeskonna keskkaitsja Oliver Kangaslahti, kes oli t\u00e4pne 76. minutil. Unitedi v\u00e4ravavaht Georg Mattias Lagus pillas Muhhamed Hydara l\u00f6\u00f6gi v\u00e4rava ette ning soomlasest kapten toimetas palli v\u00f5rku.&#13;<\/p>\n","protected":false},"excerpt":{"rendered":"&#13; Tartu Tammeka kerkis Premium liiga tabelis viiendale kohale, kui 23. voorus alistati v\u00f5\u00f5rsil N\u00f5mme United 1:0. Tammeka&hellip;\n","protected":false},"author":2,"featured_media":252392,"comment_status":"","ping_status":"","sticky":false,"template":"","format":"standard","meta":{"footnotes":"","_share_on_mastodon":"0"},"categories":[18],"tags":[37,33,35,34,36,45976,1813,45977,167,159,158,701,702,8407,2331],"class_list":["post-252391","post","type-post","status-publish","format-standard","has-post-thumbnail","category-sport","tag-ee","tag-eesti","tag-eesti-keel","tag-estonia","tag-estonian","tag-kangaslahti","tag-nomme-united","tag-oliver-kangaslahti","tag-premium-liiga","tag-sport","tag-sports","tag-tammeka","tag-tartu-tammeka","tag-tipphetked","tag-united"],"share_on_mastodon":{"url":"https:\/\/pubeurope.com\/@ee\/117095596769234907","error":""},"_links":{"self":[{"href":"https:\/\/www.europesays.com\/ee\/wp-json\/wp\/v2\/posts\/252391","targetHints":{"allow":["GET"]}}],"collection":[{"href":"https:\/\/www.europesays.com\/ee\/wp-json\/wp\/v2\/posts"}],"about":[{"href":"https:\/\/www.europesays.com\/ee\/wp-json\/wp\/v2\/types\/post"}],"author":[{"embeddable":true,"href":"https:\/\/www.europesays.com\/ee\/wp-json\/wp\/v2\/users\/2"}],"replies":[{"embeddable":true,"href":"https:\/\/www.europesays.com\/ee\/wp-json\/wp\/v2\/comments?post=252391"}],"version-history":[{"count":0,"href":"https:\/\/www.europesays.com\/ee\/wp-json\/wp\/v2\/posts\/252391\/revisions"}],"wp:featuredmedia":[{"embeddable":true,"href":"https:\/\/www.europesays.com\/ee\/wp-json\/wp\/v2\/media\/252392"}],"wp:attachment":[{"href":"https:\/\/www.europesays.com\/ee\/wp-json\/wp\/v2\/media?parent=252391"}],"wp:term":[{"taxonomy":"category","embeddable":true,"href":"https:\/\/www.europesays.com\/ee\/wp-json\/wp\/v2\/categories?post=252391"},{"taxonomy":"post_tag","embeddable":true,"href":"https:\/\/www.europesays.com\/ee\/wp-json\/wp\/v2\/tags?post=252391"}],"curies":[{"name":"wp","href":"https:\/\/api.w.org\/{rel}","templated":true}]}}