{"id":252432,"date":"2026-08-14T21:29:08","date_gmt":"2026-08-14T21:29:08","guid":{"rendered":"https:\/\/www.europesays.com\/ee\/252432\/"},"modified":"2026-08-14T21:29:08","modified_gmt":"2026-08-14T21:29:08","slug":"usa-saadab-lahis-itta-uue-lennukikandja-et-vahetada-valja-vaimse-tervise-kriisis-vaevlev-meeskond","status":"publish","type":"post","link":"https:\/\/www.europesays.com\/ee\/252432\/","title":{"rendered":"USA saadab L\u00e4his-Itta uue lennukikandja, et vahetada v\u00e4lja vaimse tervise kriisis vaevlev meeskond"},"content":{"rendered":"<p>USA merev\u00e4e teatel lahkus USS George Washington eelmisel n\u00e4dalal Vietnami Da Nangi sadamast, vahendab Associated Press. Meediateadete kohaselt asendab see USS Abraham Lincolni, \u00fche kahest L\u00e4his-Ida piirkonda paigutatud lennukikandjast. Samm j\u00e4tab Vaikse ookeani veed teadmata ajaks ilma USA lennukikandja kohalolekuta.<\/p>\n<p>USS Abraham Lincoln saadeti algselt l\u00e4hetusele 21. novembril ja pidi alguses tegutsema Vaiksel ookeanil, aga suunati L\u00e4his-Itta, kui algas USA ja Iisraeli s\u00f5da Iraani vastu. Missioon pidi l\u00f5ppema mais, aga seda on s\u00f5ja venimise t\u00f5ttu mitu korda pikendatud.<\/p>\n<p>Praeguseks on lennukikandja 5000-liikmeline meeskond viibinud aluse pardal \u00fcle 260 p\u00e4eva ilma maal k\u00e4imata. Pikk teenistusaeg ja selle m\u00f5ju meeskonnaliikmetele on tekitanud USA s\u00f5jav\u00e4elaste perekondades ja kongressi liikmetes muret. <\/p>\n<p>Hiljuti ilmusid teated, et USS Abraham Lincolnil viibivad meremehed v\u00f5itlevad vaimse tervise probleemidega. Nimelt olevat seal olnud mitmeid katseid \u00fcle parda h\u00fcpata, sest viletsad tingimused ja vaimne stress on j\u00f5udnud murdepunkti.<\/p>\n<p>USA L\u00e4his-Ida s\u00f5jalisi operatsioone juhtiv keskv\u00e4ejuhatus l\u00fckkas tagasi teated halbade olude kohta. Samuti vastas teadetele merev\u00e4gi, kelle s\u00f5nul ei ole t\u00e4heldatud alusel enesetapum\u00f5tete v\u00f5i -katsete sagenemist.<\/p>\n<p>USA president <a rel=\"noopener nofollow\" target=\"_blank\" href=\"https:\/\/www.delfi.ee\/teema\/32758637\/donald-trump\" tag-id=\"32758637\">Donald Trump<\/a> vaidlustas v\u00e4ited, et s\u00f5durite pereliikmed on v\u00e4ljendanud muret missiooni pikkuse p\u00e4rast, lisades, et l\u00e4hetus ei ole kaugeltki piisavalt pikk. \u201eSee laev liigub praegu v\u00f5i v\u00e4ga varsti ning see asendatakse teise v\u00e4ga sarnase laevaga,\u201c \u00fctles Trump ajakirjanikele.<\/p>\n<p>Kuidas see lugu Sind end tundma pani?Saada<a href=\"https:\/\/www.delfi.ee\/artikkel\/120603930\/usa-saadab-lahis-itta-uue-lennukikandja-et-vahetada-valja-vaimse-tervise-kriisis-vaevlev-meeskond\/kommentaarid\" class=\"button button--primary button--size-auto article-body-bottom__comment article-body-bottom__comment--write\" style=\"\" rel=\"nofollow noopener\" target=\"_blank\">Kommenteeri<\/a><a href=\"https:\/\/www.delfi.ee\/artikkel\/120603930\/usa-saadab-lahis-itta-uue-lennukikandja-et-vahetada-valja-vaimse-tervise-kriisis-vaevlev-meeskond\/kommentaarid\" class=\"button button--size-auto article-body-bottom__comment article-body-bottom__comment--read\" style=\"\" rel=\"nofollow noopener\" target=\"_blank\">Loe kommentaare (1)<\/a><\/p>\n","protected":false},"excerpt":{"rendered":"USA merev\u00e4e teatel lahkus USS George Washington eelmisel n\u00e4dalal Vietnami Da Nangi sadamast, vahendab Associated Press. Meediateadete kohaselt&hellip;\n","protected":false},"author":2,"featured_media":252433,"comment_status":"","ping_status":"","sticky":false,"template":"","format":"standard","meta":{"footnotes":"","_share_on_mastodon":"0"},"categories":[80],"tags":[26,27,324,37,33,35,34,36,31,32,21,4376,55505,28,29,95,19,25,23,24,22,325,20441,47338,20,4213,30,92,93,94],"class_list":["post-252432","post","type-post","status-publish","format-standard","has-post-thumbnail","category-maailm","tag-breaking-news","tag-breakingnews","tag-donald-trump","tag-ee","tag-eesti","tag-eesti-keel","tag-estonia","tag-estonian","tag-featured-news","tag-featurednews","tag-headlines","tag-lahis-ida","tag-lahis-ida-soda","tag-latest-news","tag-latestnews","tag-maailm","tag-news","tag-populaarseimad-lood","tag-top-stories","tag-topstories","tag-uldised-uudised","tag-usa","tag-usa-merevagi","tag-uss-abraham-lincoln","tag-uudised","tag-vaimne-tervis","tag-viimased-uudised","tag-world","tag-world-news","tag-worldnews"],"share_on_mastodon":{"url":"https:\/\/pubeurope.com\/@ee\/117095993599652286","error":""},"_links":{"self":[{"href":"https:\/\/www.europesays.com\/ee\/wp-json\/wp\/v2\/posts\/252432","targetHints":{"allow":["GET"]}}],"collection":[{"href":"https:\/\/www.europesays.com\/ee\/wp-json\/wp\/v2\/posts"}],"about":[{"href":"https:\/\/www.europesays.com\/ee\/wp-json\/wp\/v2\/types\/post"}],"author":[{"embeddable":true,"href":"https:\/\/www.europesays.com\/ee\/wp-json\/wp\/v2\/users\/2"}],"replies":[{"embeddable":true,"href":"https:\/\/www.europesays.com\/ee\/wp-json\/wp\/v2\/comments?post=252432"}],"version-history":[{"count":0,"href":"https:\/\/www.europesays.com\/ee\/wp-json\/wp\/v2\/posts\/252432\/revisions"}],"wp:featuredmedia":[{"embeddable":true,"href":"https:\/\/www.europesays.com\/ee\/wp-json\/wp\/v2\/media\/252433"}],"wp:attachment":[{"href":"https:\/\/www.europesays.com\/ee\/wp-json\/wp\/v2\/media?parent=252432"}],"wp:term":[{"taxonomy":"category","embeddable":true,"href":"https:\/\/www.europesays.com\/ee\/wp-json\/wp\/v2\/categories?post=252432"},{"taxonomy":"post_tag","embeddable":true,"href":"https:\/\/www.europesays.com\/ee\/wp-json\/wp\/v2\/tags?post=252432"}],"curies":[{"name":"wp","href":"https:\/\/api.w.org\/{rel}","templated":true}]}}