{"id":252480,"date":"2026-08-14T23:17:26","date_gmt":"2026-08-14T23:17:26","guid":{"rendered":"https:\/\/www.europesays.com\/ee\/252480\/"},"modified":"2026-08-14T23:17:26","modified_gmt":"2026-08-14T23:17:26","slug":"tristan-konso-voitis-maailma-parimate-mooduvotul-uue-maakonnarekordiga-10-koha","status":"publish","type":"post","link":"https:\/\/www.europesays.com\/ee\/252480\/","title":{"rendered":"Tristan Konso v\u00f5itis maailma parimate m\u00f5\u00f5duv\u00f5tul uue maakonnarekordiga 10. koha"},"content":{"rendered":"<p>USA kergej\u00f5ustiku-Mekas Oregonis t\u00f5mmati joon alla juunioride maailmameistriv\u00f5istlustele kergej\u00f5ustikus. Eesti koondis tegi \u00fche l\u00e4bi aegade parima etteaste, v\u00f5ites kolm h\u00f5bemedalit.<\/p>\n<p>Rakvere noormees Tristan Konso v\u00f5itis 34 tugeva atleedi konkurentsis k\u00fcmnev\u00f5istluses 7538 (10,84 \u2013 6.94 \u2013 13.88 \u2013 1.85 \u2013 48,55 \u2013 14,02 \u2013 44.21 \u2013 4.70 \u2013 37,99 \u2013 4.51,00) punktiga 10. koha. Kogusumma t\u00e4histab \u00fchtlasi uut L\u00e4\u00e4ne-Virumaa noorterekordit.<\/p>\n","protected":false},"excerpt":{"rendered":"USA kergej\u00f5ustiku-Mekas Oregonis t\u00f5mmati joon alla juunioride maailmameistriv\u00f5istlustele kergej\u00f5ustikus. Eesti koondis tegi \u00fche l\u00e4bi aegade parima etteaste, v\u00f5ites&hellip;\n","protected":false},"author":2,"featured_media":252481,"comment_status":"","ping_status":"","sticky":false,"template":"","format":"standard","meta":{"footnotes":"","_share_on_mastodon":"0"},"categories":[18],"tags":[99041,587,37,33,35,5289,34,36,56794,983,1271,1446,5169,159,158,47930],"class_list":["post-252480","post","type-post","status-publish","format-standard","has-post-thumbnail","category-sport","tag-alar-madilainen","tag-ameerika-uhendriigid","tag-ee","tag-eesti","tag-eesti-keel","tag-eesti-koondis","tag-estonia","tag-estonian","tag-juunioride-maailmameistrivoistlused","tag-kergejoustik","tag-kumnevoistlus","tag-laane-virumaa","tag-oregon","tag-sport","tag-sports","tag-tristan-konso"],"share_on_mastodon":{"url":"https:\/\/pubeurope.com\/@ee\/117096418145033138","error":""},"_links":{"self":[{"href":"https:\/\/www.europesays.com\/ee\/wp-json\/wp\/v2\/posts\/252480","targetHints":{"allow":["GET"]}}],"collection":[{"href":"https:\/\/www.europesays.com\/ee\/wp-json\/wp\/v2\/posts"}],"about":[{"href":"https:\/\/www.europesays.com\/ee\/wp-json\/wp\/v2\/types\/post"}],"author":[{"embeddable":true,"href":"https:\/\/www.europesays.com\/ee\/wp-json\/wp\/v2\/users\/2"}],"replies":[{"embeddable":true,"href":"https:\/\/www.europesays.com\/ee\/wp-json\/wp\/v2\/comments?post=252480"}],"version-history":[{"count":0,"href":"https:\/\/www.europesays.com\/ee\/wp-json\/wp\/v2\/posts\/252480\/revisions"}],"wp:featuredmedia":[{"embeddable":true,"href":"https:\/\/www.europesays.com\/ee\/wp-json\/wp\/v2\/media\/252481"}],"wp:attachment":[{"href":"https:\/\/www.europesays.com\/ee\/wp-json\/wp\/v2\/media?parent=252480"}],"wp:term":[{"taxonomy":"category","embeddable":true,"href":"https:\/\/www.europesays.com\/ee\/wp-json\/wp\/v2\/categories?post=252480"},{"taxonomy":"post_tag","embeddable":true,"href":"https:\/\/www.europesays.com\/ee\/wp-json\/wp\/v2\/tags?post=252480"}],"curies":[{"name":"wp","href":"https:\/\/api.w.org\/{rel}","templated":true}]}}