{"id":252512,"date":"2026-08-15T02:25:10","date_gmt":"2026-08-15T02:25:10","guid":{"rendered":"https:\/\/www.europesays.com\/ee\/252512\/"},"modified":"2026-08-15T02:25:10","modified_gmt":"2026-08-15T02:25:10","slug":"okkaline-teekond-vaesest-sovietimaast-korge-sissetulekuga-riigiks","status":"publish","type":"post","link":"https:\/\/www.europesays.com\/ee\/252512\/","title":{"rendered":"Okkaline teekond vaesest sovietimaast k\u00f5rge sissetulekuga riigiks"},"content":{"rendered":"<p>35 aastaga on Eesti majandus teinud h\u00fcppe, millest 1990. aastate alguse palgalehtedele vaadates olnuks keeruline isegi unistada. SKT elaniku kohta on kerkinud mitmekordseks, hinnad, palgad ja laenud pidanud vastu buumidele ja kriisidele, ent riigiv\u00f5lg p\u00fcsib Euroopa madalaimate seas. Mis toitis selle p\u00f6\u00f6rde hoogu ja milliste valusate otsuste hinnaga see saavutati?<\/p>\n<p>Alates krooni sidumisest Saksa margaga ja Hansapanga esimestest sammudest kuni erastamislaine, b\u00f6rsimulli ja 2008. aasta krahhini \u2013 Eesti teekond ida tiigrist eurotsooni musterriigiks on olnud k\u00f5ike muud kui sirgjooneline. Kuidas need valikud kujundasid t\u00e4nast majandust ja kas t\u00e4na teeksime ikka samu otsuseid?<\/p>\n","protected":false},"excerpt":{"rendered":"35 aastaga on Eesti majandus teinud h\u00fcppe, millest 1990. aastate alguse palgalehtedele vaadates olnuks keeruline isegi unistada. SKT&hellip;\n","protected":false},"author":2,"featured_media":252513,"comment_status":"","ping_status":"","sticky":false,"template":"","format":"standard","meta":{"footnotes":"","_share_on_mastodon":"0"},"categories":[14],"tags":[131,130,37,33,35,99051,99053,16475,34,36,94914,2278,70915,18254,99052,7519,47962],"class_list":["post-252512","post","type-post","status-publish","format-standard","has-post-thumbnail","category-ari","tag-ari","tag-business","tag-ee","tag-eesti","tag-eesti-keel","tag-eesti-majandusajalugu","tag-eluasemelaenubuum","tag-erastamine","tag-estonia","tag-estonian","tag-finantskriis-2008","tag-hansapank","tag-mart-laari-valitsus","tag-rahareform","tag-skt-elaniku-kohta","tag-tallinna-bors","tag-tulumaksususteem"],"share_on_mastodon":{"url":"https:\/\/pubeurope.com\/@ee\/117097161772575489","error":""},"_links":{"self":[{"href":"https:\/\/www.europesays.com\/ee\/wp-json\/wp\/v2\/posts\/252512","targetHints":{"allow":["GET"]}}],"collection":[{"href":"https:\/\/www.europesays.com\/ee\/wp-json\/wp\/v2\/posts"}],"about":[{"href":"https:\/\/www.europesays.com\/ee\/wp-json\/wp\/v2\/types\/post"}],"author":[{"embeddable":true,"href":"https:\/\/www.europesays.com\/ee\/wp-json\/wp\/v2\/users\/2"}],"replies":[{"embeddable":true,"href":"https:\/\/www.europesays.com\/ee\/wp-json\/wp\/v2\/comments?post=252512"}],"version-history":[{"count":0,"href":"https:\/\/www.europesays.com\/ee\/wp-json\/wp\/v2\/posts\/252512\/revisions"}],"wp:featuredmedia":[{"embeddable":true,"href":"https:\/\/www.europesays.com\/ee\/wp-json\/wp\/v2\/media\/252513"}],"wp:attachment":[{"href":"https:\/\/www.europesays.com\/ee\/wp-json\/wp\/v2\/media?parent=252512"}],"wp:term":[{"taxonomy":"category","embeddable":true,"href":"https:\/\/www.europesays.com\/ee\/wp-json\/wp\/v2\/categories?post=252512"},{"taxonomy":"post_tag","embeddable":true,"href":"https:\/\/www.europesays.com\/ee\/wp-json\/wp\/v2\/tags?post=252512"}],"curies":[{"name":"wp","href":"https:\/\/api.w.org\/{rel}","templated":true}]}}