{"id":252552,"date":"2026-08-15T05:33:11","date_gmt":"2026-08-15T05:33:11","guid":{"rendered":"https:\/\/www.europesays.com\/ee\/252552\/"},"modified":"2026-08-15T05:33:11","modified_gmt":"2026-08-15T05:33:11","slug":"palju-onne-bolt-uks-edukaim-tehnoloogiaettevote-on-joudnud-margilisse-punkti","status":"publish","type":"post","link":"https:\/\/www.europesays.com\/ee\/252552\/","title":{"rendered":"Palju \u00f5nne, Bolt! \u00dcks edukaim tehnoloogiaettev\u00f5te on j\u00f5udnud m\u00e4rgilisse punkti"},"content":{"rendered":"<p>Ei saa v\u00e4listada, et tulevikus v\u00f5ib rakendusel olla valikus koht, kust tellitav auto s\u00f5idab kohale ilma juhita. Kindel on aga see, et Bolt ei j\u00e4\u00e4 \u00fche idee juurde kauaks kinni ning areneb tehnoloogiaettev\u00f5ttena aina edasi.<\/p>\n<p>V\u00e4iksest idufirmast on kasvanud globaalne tehnoloogiaettev\u00f5te, mis koondab maailmas \u00fcle 200 miljoni kliendi ning 4,5 miljoni juhi, kulleri ja partneri. Kui Bolt alustas, siis oli fookus seatud \u00fcksnes taksos\u00f5itudele, kuid t\u00e4naseks on suund v\u00f5etud isejuhtivate autodeni.<\/p>\n<p>Kuidas see lugu Sind end tundma pani?Saada<\/p>\n","protected":false},"excerpt":{"rendered":"Ei saa v\u00e4listada, et tulevikus v\u00f5ib rakendusel olla valikus koht, kust tellitav auto s\u00f5idab kohale ilma juhita. Kindel&hellip;\n","protected":false},"author":2,"featured_media":252553,"comment_status":"","ping_status":"","sticky":false,"template":"","format":"standard","meta":{"footnotes":"","_share_on_mastodon":"0"},"categories":[14],"tags":[131,1261,99075,130,37,33,35,34,36],"class_list":["post-252552","post","type-post","status-publish","format-standard","has-post-thumbnail","category-ari","tag-ari","tag-bolt","tag-bolt-taxi","tag-business","tag-ee","tag-eesti","tag-eesti-keel","tag-estonia","tag-estonian"],"share_on_mastodon":{"url":"https:\/\/pubeurope.com\/@ee\/117097896541693263","error":""},"_links":{"self":[{"href":"https:\/\/www.europesays.com\/ee\/wp-json\/wp\/v2\/posts\/252552","targetHints":{"allow":["GET"]}}],"collection":[{"href":"https:\/\/www.europesays.com\/ee\/wp-json\/wp\/v2\/posts"}],"about":[{"href":"https:\/\/www.europesays.com\/ee\/wp-json\/wp\/v2\/types\/post"}],"author":[{"embeddable":true,"href":"https:\/\/www.europesays.com\/ee\/wp-json\/wp\/v2\/users\/2"}],"replies":[{"embeddable":true,"href":"https:\/\/www.europesays.com\/ee\/wp-json\/wp\/v2\/comments?post=252552"}],"version-history":[{"count":0,"href":"https:\/\/www.europesays.com\/ee\/wp-json\/wp\/v2\/posts\/252552\/revisions"}],"wp:featuredmedia":[{"embeddable":true,"href":"https:\/\/www.europesays.com\/ee\/wp-json\/wp\/v2\/media\/252553"}],"wp:attachment":[{"href":"https:\/\/www.europesays.com\/ee\/wp-json\/wp\/v2\/media?parent=252552"}],"wp:term":[{"taxonomy":"category","embeddable":true,"href":"https:\/\/www.europesays.com\/ee\/wp-json\/wp\/v2\/categories?post=252552"},{"taxonomy":"post_tag","embeddable":true,"href":"https:\/\/www.europesays.com\/ee\/wp-json\/wp\/v2\/tags?post=252552"}],"curies":[{"name":"wp","href":"https:\/\/api.w.org\/{rel}","templated":true}]}}