{"id":252608,"date":"2026-08-15T07:59:10","date_gmt":"2026-08-15T07:59:10","guid":{"rendered":"https:\/\/www.europesays.com\/ee\/252608\/"},"modified":"2026-08-15T07:59:10","modified_gmt":"2026-08-15T07:59:10","slug":"flora-lopetas-peatreener-vassiljeviga-koostoo-soccernet-ee","status":"publish","type":"post","link":"https:\/\/www.europesays.com\/ee\/252608\/","title":{"rendered":"Flora l\u00f5petas peatreener Vassiljeviga koost\u00f6\u00f6 &#8211; Soccernet.ee"},"content":{"rendered":"<p><img decoding=\"async\" src=\"https:\/\/www.europesays.com\/ee\/wp-content\/uploads\/2026\/08\/1786780750_595_1785689676.jpg\" alt=\"Konstantin Vassiljev. Foto: Jana Pipar\"\/>&#13;\n<\/p>\n<p>Tallinna Flora ja esindusmeeskonna peatreener Konstantin Vassiljev (41) l\u00f5petasid kokkuleppel veidi rohkem kui poolteist aastat kestnud koost\u00f6\u00f6. Initsiatiiv koost\u00f6\u00f6 l\u00f5petamiseks tuli klubi poolt.<\/p>\n<p>&#8220;FC Flora on klubi, kelle \u00fcheks eesm\u00e4rgiks tuua Eesti tippjalgpalli uusi treenereid ja m\u00e4ngijaid ning m\u00f6\u00f6dunud poolteist aastat koost\u00f6\u00f6d oli \u00fcks sellistest teekondadest, mida j\u00e4\u00e4vad verstapostina t\u00e4histama mullu v\u00f5idetud Eesti meistritiitel ning t\u00e4navune Evald Tipneri karikas. T\u00e4name Kostjat panuse eest ning soovime talle k\u00f5ike paremat edaspidiseks,&#8221; \u00fctles Flora spordidirektor Taavi Trasberg klubi pressiteenistusele.&#13;\n<\/p>\n<p>Konstantin Vassiljev liitus FC Flora esindusmeeskonnaga hooajast 2019 ning oli klubis m\u00e4ngija ja peatreenerina kokku ligi kaheksa hooaega, v\u00f5ites v\u00e4ljakul neli Eesti meistritiitlit, \u00fche Evald Tipneri karika, kolm Eesti superkarikat ning v\u00e4ljaku k\u00f5rval \u00fche Eesti meistritiitli ja \u00fche Evald Tipneri karika. Ta viis meeskonna kaptenina ajaloolise saavutusena klubi esindusmeeskonna hooajal 2021\/2022 UEFA Konverentsiliigas p\u00f5hiturniirile.&#13;\n<\/p>\n<p>&#8220;T\u00e4nan klubi k\u00f5ikide aastate eest ja eraldi veidi rohkem kui pooleteiseaastase aja eest, mil klubi andis mulle v\u00f5imaluse teha esimesed sammud oma treenerikarj\u00e4\u00e4ris. Kogesime nii \u00f5nnestumisi kui ka eba\u00f5nnestumisi ja l\u00e4heme lahku heades suhetes, mis on k\u00f5ige t\u00e4htsam. T\u00e4nan k\u00f5iki inimesi \u2013 personali ja m\u00e4ngijaid -, kellega tegin igap\u00e4evaselt t\u00f6\u00f6d ja f\u00e4nne, kes toetasid meid. Soovin klubile, meeskonnale, m\u00e4ngijatele ja uuele treeneritetiimile edu ning tahan, et klubi oleks alati seal kus ta soovib olla ja v\u00e4\u00e4rib olemist. Ka selleks hooajaks, sest tiitli eest tuleb v\u00f5idelda alati l\u00f5puni,&#8221; s\u00f5nas Konstantin Vassiljev.&#13;\n<\/p>\n<p>Eelmisel aastal Flora Eesti meistriks t\u00fc\u00fcrinud Vassiljevi viimaseks m\u00e4nguks meeskonna peatreenerina j\u00e4i UEFA Konverentsiliiga kolmanda eelringi kodune kordusm\u00e4ng, milles Flora kaotas Andorra meistrile Escaldese Inter 0:4.<\/p>\n","protected":false},"excerpt":{"rendered":"&#13; Tallinna Flora ja esindusmeeskonna peatreener Konstantin Vassiljev (41) l\u00f5petasid kokkuleppel veidi rohkem kui poolteist aastat kestnud koost\u00f6\u00f6.&hellip;\n","protected":false},"author":2,"featured_media":252609,"comment_status":"","ping_status":"","sticky":false,"template":"","format":"standard","meta":{"footnotes":"","_share_on_mastodon":"0"},"categories":[5],"tags":[26,27,37,33,35,34,36,31,32,163,21,2823,28,29,19,25,38736,1465,23,24,35664,22,20,3114,30],"class_list":["post-252608","post","type-post","status-publish","format-standard","has-post-thumbnail","category-uldised-uudised","tag-breaking-news","tag-breakingnews","tag-ee","tag-eesti","tag-eesti-keel","tag-estonia","tag-estonian","tag-featured-news","tag-featurednews","tag-flora","tag-headlines","tag-konstantin-vassiljev","tag-latest-news","tag-latestnews","tag-news","tag-populaarseimad-lood","tag-taavi-trasberg","tag-tallinna-fc-flora","tag-top-stories","tag-topstories","tag-trasberg","tag-uldised-uudised","tag-uudised","tag-vassiljev","tag-viimased-uudised"],"share_on_mastodon":{"url":"https:\/\/pubeurope.com\/@ee\/117098470955258461","error":""},"_links":{"self":[{"href":"https:\/\/www.europesays.com\/ee\/wp-json\/wp\/v2\/posts\/252608","targetHints":{"allow":["GET"]}}],"collection":[{"href":"https:\/\/www.europesays.com\/ee\/wp-json\/wp\/v2\/posts"}],"about":[{"href":"https:\/\/www.europesays.com\/ee\/wp-json\/wp\/v2\/types\/post"}],"author":[{"embeddable":true,"href":"https:\/\/www.europesays.com\/ee\/wp-json\/wp\/v2\/users\/2"}],"replies":[{"embeddable":true,"href":"https:\/\/www.europesays.com\/ee\/wp-json\/wp\/v2\/comments?post=252608"}],"version-history":[{"count":0,"href":"https:\/\/www.europesays.com\/ee\/wp-json\/wp\/v2\/posts\/252608\/revisions"}],"wp:featuredmedia":[{"embeddable":true,"href":"https:\/\/www.europesays.com\/ee\/wp-json\/wp\/v2\/media\/252609"}],"wp:attachment":[{"href":"https:\/\/www.europesays.com\/ee\/wp-json\/wp\/v2\/media?parent=252608"}],"wp:term":[{"taxonomy":"category","embeddable":true,"href":"https:\/\/www.europesays.com\/ee\/wp-json\/wp\/v2\/categories?post=252608"},{"taxonomy":"post_tag","embeddable":true,"href":"https:\/\/www.europesays.com\/ee\/wp-json\/wp\/v2\/tags?post=252608"}],"curies":[{"name":"wp","href":"https:\/\/api.w.org\/{rel}","templated":true}]}}