{"id":252616,"date":"2026-08-15T08:10:15","date_gmt":"2026-08-15T08:10:15","guid":{"rendered":"https:\/\/www.europesays.com\/ee\/252616\/"},"modified":"2026-08-15T08:10:15","modified_gmt":"2026-08-15T08:10:15","slug":"flora-lopetas-peatreener-vassiljeviga-koostoo-soccernet-ee-2","status":"publish","type":"post","link":"https:\/\/www.europesays.com\/ee\/252616\/","title":{"rendered":"Flora l\u00f5petas peatreener Vassiljeviga koost\u00f6\u00f6 &#8211; Soccernet.ee"},"content":{"rendered":"<p>\n                                                                        Aleksander<br \/>\n                                                                    2min\n                    <\/p>\n<p>\n                      Manu liikus Fergusoni k\u00e4e all samm-sammult tiitli suunas, treener ning juhtkond ehitasid meeskonda, kes j\u00f5udis tulemuseni. Flora hakkas liikuma tiitlist eemale. Kuigi jah. n\u00f5rgestatud koosseisuga on keeruline tiitlini j\u00f5uda. Ei taha uskuda, et klubi ebaedu vaid Vassiljevi taga on. Sel aastal oli Floral esimene m\u00f5\u00f5n juba hooaja alguses.\n                    <\/p>\n","protected":false},"excerpt":{"rendered":"Aleksander 2min Manu liikus Fergusoni k\u00e4e all samm-sammult tiitli suunas, treener ning juhtkond ehitasid meeskonda, kes j\u00f5udis tulemuseni.&hellip;\n","protected":false},"author":2,"featured_media":252617,"comment_status":"","ping_status":"","sticky":false,"template":"","format":"standard","meta":{"footnotes":"","_share_on_mastodon":"0"},"categories":[5],"tags":[26,27,37,33,35,34,36,31,32,163,21,2823,28,29,19,25,38736,1465,23,24,35664,22,20,3114,30],"class_list":["post-252616","post","type-post","status-publish","format-standard","has-post-thumbnail","category-uldised-uudised","tag-breaking-news","tag-breakingnews","tag-ee","tag-eesti","tag-eesti-keel","tag-estonia","tag-estonian","tag-featured-news","tag-featurednews","tag-flora","tag-headlines","tag-konstantin-vassiljev","tag-latest-news","tag-latestnews","tag-news","tag-populaarseimad-lood","tag-taavi-trasberg","tag-tallinna-fc-flora","tag-top-stories","tag-topstories","tag-trasberg","tag-uldised-uudised","tag-uudised","tag-vassiljev","tag-viimased-uudised"],"share_on_mastodon":{"url":"https:\/\/pubeurope.com\/@ee\/117098514129725654","error":""},"_links":{"self":[{"href":"https:\/\/www.europesays.com\/ee\/wp-json\/wp\/v2\/posts\/252616","targetHints":{"allow":["GET"]}}],"collection":[{"href":"https:\/\/www.europesays.com\/ee\/wp-json\/wp\/v2\/posts"}],"about":[{"href":"https:\/\/www.europesays.com\/ee\/wp-json\/wp\/v2\/types\/post"}],"author":[{"embeddable":true,"href":"https:\/\/www.europesays.com\/ee\/wp-json\/wp\/v2\/users\/2"}],"replies":[{"embeddable":true,"href":"https:\/\/www.europesays.com\/ee\/wp-json\/wp\/v2\/comments?post=252616"}],"version-history":[{"count":0,"href":"https:\/\/www.europesays.com\/ee\/wp-json\/wp\/v2\/posts\/252616\/revisions"}],"wp:featuredmedia":[{"embeddable":true,"href":"https:\/\/www.europesays.com\/ee\/wp-json\/wp\/v2\/media\/252617"}],"wp:attachment":[{"href":"https:\/\/www.europesays.com\/ee\/wp-json\/wp\/v2\/media?parent=252616"}],"wp:term":[{"taxonomy":"category","embeddable":true,"href":"https:\/\/www.europesays.com\/ee\/wp-json\/wp\/v2\/categories?post=252616"},{"taxonomy":"post_tag","embeddable":true,"href":"https:\/\/www.europesays.com\/ee\/wp-json\/wp\/v2\/tags?post=252616"}],"curies":[{"name":"wp","href":"https:\/\/api.w.org\/{rel}","templated":true}]}}