{"id":252628,"date":"2026-08-15T08:27:08","date_gmt":"2026-08-15T08:27:08","guid":{"rendered":"https:\/\/www.europesays.com\/ee\/252628\/"},"modified":"2026-08-15T08:27:08","modified_gmt":"2026-08-15T08:27:08","slug":"tulipunkt-jete-ri-joesaar-kevin-spacey-tikub-eestis-lavale-kas-aeg-on-ikka-selleks-kups-2","status":"publish","type":"post","link":"https:\/\/www.europesays.com\/ee\/252628\/","title":{"rendered":"TULIPUNKT | Jete-Ri J\u00f5esaar: Kevin Spacey tikub Eestis lavale. Kas aeg on ikka selleks k\u00fcps?"},"content":{"rendered":"<p>Taas on kerkinud p\u00e4evakorda juba igihaljaks saanud k\u00fcsimus: mida hakata peale justkui \u00f5igeks m\u00f5istetud ahistajaga? Seekord on see aga lausa hollywoodlikus kastmes.<\/p>\n<p><a rel=\"noopener nofollow\" target=\"_blank\" href=\"https:\/\/kroonika.delfi.ee\/artikkel\/120603203\/seksuaalkuritegudes-suudistatud-kevin-spacey-esineb-eestis-hollywoodi-polatud-staariga-saab-ka-katt-suruda\" data-rel-date-range=\"[]\">Sel n\u00e4dalal teatati<\/a>, et detsembris esineb Alexela kontserdimajas kahe Oscariga p\u00e4rjatud USA n\u00e4itleja Kevin Spacey. N\u00e4itlemist \u00fcrituse tutvustus siiski ei luba \u2013 Tallinnas toimub Spacey juhtimisel hoopis pidulik \u00f5htu, mille v\u00e4ltel laulab mees jazz-b\u00e4ndi saatel, pikkides vahele isiklikke lugusid oma elust ja karj\u00e4\u00e4rist. \u201eSee ei ole lihtsalt kontsert. See ei ole lihtsalt lugude \u00f5htu. See on meelelahutaja naasmine s\u00f5na k\u00f5ige suursugusemas m\u00f5ttes,\u201c kuulutatakse \u00fcrituse tutvustuses. <\/p>\n<p>Ent teades, mis asjaoludel taandus Spacey kohta, kust n\u00fc\u00fcd \u201enaasta\u201c, tekib paratamatult k\u00fcsimus, kas Eesti publik peaks talle selles k\u00e4e ulatama. <\/p>\n<p>V\u00e4hem kui k\u00fcmme aastat tagasi, kui Spacey s\u00e4ras sarja \u201eHouse of Cards\u201c peategelase rollis, hakkas kui seeni p\u00e4rast vihma laekuma n\u00e4itleja kohta s\u00fc\u00fcdistusi seksuaalkuritegudes. 2017. aasta s\u00fcgisel tuli m\u00f5ne p\u00e4eva jooksul p\u00e4rast esimese ohvri tunnistust oma lugudega lagedale veel 14 meest, kes s\u00fc\u00fcdistasid Spaceyt seksuaalses ahistamises. Osa neist v\u00e4itis ka, et nad olid ahistamise ajal alaealised. Ohvreid oli nii USA-st kui ka \u00dchendkuningriigist.<\/p>\n<p>S\u00fc\u00fcdistuste j\u00e4rel kaotas Spacey t\u00f6\u00f6 sarjas \u201eHouse of Cards\u201c ning osaluse teisteski projektides. Ta sattus p\u00f5lu alla ehk sisuliselt n-\u00f6 t\u00fchistati. J\u00e4rgmiste aastate jooksul asuti mitmete s\u00fc\u00fcdistuste osas ka kohtuteele.<\/p>\n<p>N\u00fc\u00fcdseks on k\u00f5ik need kohtuvaidlused l\u00f5ppenud. Ning Spacey neis k\u00f5igis \u00f5igeks m\u00f5istetud. Sellele t\u00f5igale viitab ka Tallinna kontserdi korraldaja ArtEvent meediale jagatud kommentaarides, r\u00f5hutades seejuures, et korraldajana ei v\u00f5ta nad endale kohtu volitusi ning l\u00f5plik otsus, kas minna Spaceyt kuulama v\u00f5i mitte, on iga inimese vaba valik. <\/p>\n<p>Viimasele seisukohale on raske vastu vaielda, kuid sama raske on vaadata m\u00f6\u00f6da neist v\u00e4hemalt 15 eraldiseisvast s\u00fc\u00fcdistusest, isegi kui v\u00f5tta arvesse, et esimese ohvri loo avalikustamise j\u00e4rel palus Spacey avalikult vabandust. Kas sellest ja kohtus \u00f5igeks m\u00f5istmisest piisab, et ta puhtaks pesta? Ma ei oleks selles nii kindel.<\/p>\n<p>Oleme \u00fchiskonnana n-\u00f6 oma inimestega korduvalt sarnast tralli l\u00e4bi teinud ning j\u00f5udnud v\u00e4ga erinevate tulemusteni. M\u00f5nel juhul pole ahistajaga justkui midagi juhtunud ja ta saab p\u00f5him\u00f5tteliselt h\u00e4irimatult samamoodi edasi toimetada. Teistel juhtudel on j\u00f5utud siiski j\u00e4reldusele, et ehk ei ole k\u00f5ige targem avalikkuse ette naasta. Kuigi Spacey juhtum on meist justkui kaugel, ei t\u00e4henda see, et reaktsioon tema siiamaile tulekule seda oleks. Igal inimesel on vaba valik, kuid igal juhul kannab selle vabaduse kasutamine s\u00f5numit. <\/p>\n","protected":false},"excerpt":{"rendered":"Taas on kerkinud p\u00e4evakorda juba igihaljaks saanud k\u00fcsimus: mida hakata peale justkui \u00f5igeks m\u00f5istetud ahistajaga? Seekord on see&hellip;\n","protected":false},"author":2,"featured_media":252629,"comment_status":"","ping_status":"","sticky":false,"template":"","format":"standard","meta":{"footnotes":"","_share_on_mastodon":"0"},"categories":[16],"tags":[662,37,33,35,173,34,36,10996,44481,23309,140,6580,814,21356,14989],"class_list":["post-252628","post","type-post","status-publish","format-standard","has-post-thumbnail","category-meelelahutus","tag-delfi","tag-ee","tag-eesti","tag-eesti-keel","tag-entertainment","tag-estonia","tag-estonian","tag-jaatmereform","tag-jete-ri-joesaar","tag-kevin-spacey","tag-meelelahutus","tag-spotify","tag-tehisaru","tag-tulipunkt","tag-urmas-jaagant"],"share_on_mastodon":{"url":"https:\/\/pubeurope.com\/@ee\/117098580837117366","error":""},"_links":{"self":[{"href":"https:\/\/www.europesays.com\/ee\/wp-json\/wp\/v2\/posts\/252628","targetHints":{"allow":["GET"]}}],"collection":[{"href":"https:\/\/www.europesays.com\/ee\/wp-json\/wp\/v2\/posts"}],"about":[{"href":"https:\/\/www.europesays.com\/ee\/wp-json\/wp\/v2\/types\/post"}],"author":[{"embeddable":true,"href":"https:\/\/www.europesays.com\/ee\/wp-json\/wp\/v2\/users\/2"}],"replies":[{"embeddable":true,"href":"https:\/\/www.europesays.com\/ee\/wp-json\/wp\/v2\/comments?post=252628"}],"version-history":[{"count":0,"href":"https:\/\/www.europesays.com\/ee\/wp-json\/wp\/v2\/posts\/252628\/revisions"}],"wp:featuredmedia":[{"embeddable":true,"href":"https:\/\/www.europesays.com\/ee\/wp-json\/wp\/v2\/media\/252629"}],"wp:attachment":[{"href":"https:\/\/www.europesays.com\/ee\/wp-json\/wp\/v2\/media?parent=252628"}],"wp:term":[{"taxonomy":"category","embeddable":true,"href":"https:\/\/www.europesays.com\/ee\/wp-json\/wp\/v2\/categories?post=252628"},{"taxonomy":"post_tag","embeddable":true,"href":"https:\/\/www.europesays.com\/ee\/wp-json\/wp\/v2\/tags?post=252628"}],"curies":[{"name":"wp","href":"https:\/\/api.w.org\/{rel}","templated":true}]}}