{"id":252666,"date":"2026-08-15T09:36:10","date_gmt":"2026-08-15T09:36:10","guid":{"rendered":"https:\/\/www.europesays.com\/ee\/252666\/"},"modified":"2026-08-15T09:36:10","modified_gmt":"2026-08-15T09:36:10","slug":"merike-kahk-voitis-prantsusmaal-kolm-medalit","status":"publish","type":"post","link":"https:\/\/www.europesays.com\/ee\/252666\/","title":{"rendered":"Merike Kahk v\u00f5itis Prantsusmaal kolm medalit"},"content":{"rendered":"<p>Viljandi ammuklubi Nool esindav Merike Kahk naasis Prantsusmaal peetud ammulaskmise v\u00f5istlusn\u00e4dalalt kolme medaliga, millest \u00fcks oli kuldne ja kaks h\u00f5bedased.<\/p>\n<p class=\"isSelectedEnd\">Viljandi vallavalitsuses ehitusspetsialistina t\u00f6\u00f6tav Kahk alustas v\u00f5istlusn\u00e4dalat Ch\u00e2teauroux&#8217;s edukalt linna karikav\u00f5istlustel, kus ta saavutas naisseenioride arvestuses 806 punktiga esikoha.<\/p>\n","protected":false},"excerpt":{"rendered":"Viljandi ammuklubi Nool esindav Merike Kahk naasis Prantsusmaal peetud ammulaskmise v\u00f5istlusn\u00e4dalalt kolme medaliga, millest \u00fcks oli kuldne ja&hellip;\n","protected":false},"author":2,"featured_media":252667,"comment_status":"","ping_status":"","sticky":false,"template":"","format":"standard","meta":{"footnotes":"","_share_on_mastodon":"0"},"categories":[80],"tags":[622,26,27,37,33,35,34,36,31,32,1780,21,1781,28,29,95,1778,1773,19,1774,25,1771,1779,23,24,196,22,20,30,986,1782,1776,1777,1775,1772,1784,1785,1783,598,92,93,94],"class_list":["post-252666","post","type-post","status-publish","format-standard","has-post-thumbnail","category-maailm","tag-ajakirjandus","tag-breaking-news","tag-breakingnews","tag-ee","tag-eesti","tag-eesti-keel","tag-estonia","tag-estonian","tag-featured-news","tag-featurednews","tag-folk","tag-headlines","tag-kultuuriakadeemia","tag-latest-news","tag-latestnews","tag-maailm","tag-mulgi-vald","tag-mulgimaa","tag-news","tag-pohja-sakala","tag-populaarseimad-lood","tag-sakala","tag-soomaa","tag-top-stories","tag-topstories","tag-ugala","tag-uldised-uudised","tag-uudised","tag-viimased-uudised","tag-viljandi","tag-viljandi-haigla","tag-viljandi-linn","tag-viljandi-uudised","tag-viljandi-vald","tag-viljandimaa","tag-viljandimaa-ettevotlus","tag-viljandimaa-sundmused","tag-viljandimaa-uudised","tag-vortsjarv","tag-world","tag-world-news","tag-worldnews"],"share_on_mastodon":{"url":"","error":""},"_links":{"self":[{"href":"https:\/\/www.europesays.com\/ee\/wp-json\/wp\/v2\/posts\/252666","targetHints":{"allow":["GET"]}}],"collection":[{"href":"https:\/\/www.europesays.com\/ee\/wp-json\/wp\/v2\/posts"}],"about":[{"href":"https:\/\/www.europesays.com\/ee\/wp-json\/wp\/v2\/types\/post"}],"author":[{"embeddable":true,"href":"https:\/\/www.europesays.com\/ee\/wp-json\/wp\/v2\/users\/2"}],"replies":[{"embeddable":true,"href":"https:\/\/www.europesays.com\/ee\/wp-json\/wp\/v2\/comments?post=252666"}],"version-history":[{"count":0,"href":"https:\/\/www.europesays.com\/ee\/wp-json\/wp\/v2\/posts\/252666\/revisions"}],"wp:featuredmedia":[{"embeddable":true,"href":"https:\/\/www.europesays.com\/ee\/wp-json\/wp\/v2\/media\/252667"}],"wp:attachment":[{"href":"https:\/\/www.europesays.com\/ee\/wp-json\/wp\/v2\/media?parent=252666"}],"wp:term":[{"taxonomy":"category","embeddable":true,"href":"https:\/\/www.europesays.com\/ee\/wp-json\/wp\/v2\/categories?post=252666"},{"taxonomy":"post_tag","embeddable":true,"href":"https:\/\/www.europesays.com\/ee\/wp-json\/wp\/v2\/tags?post=252666"}],"curies":[{"name":"wp","href":"https:\/\/api.w.org\/{rel}","templated":true}]}}