{"id":252670,"date":"2026-08-15T09:38:10","date_gmt":"2026-08-15T09:38:10","guid":{"rendered":"https:\/\/www.europesays.com\/ee\/252670\/"},"modified":"2026-08-15T09:38:10","modified_gmt":"2026-08-15T09:38:10","slug":"sunnipaeva-toost-vabaks-saanud-vassiljev-votsin-klubi-otsuse-vastu-rahuliku-sudamega-pelle-pohlak-jai-kidakeelseks-soccernet-ee","status":"publish","type":"post","link":"https:\/\/www.europesays.com\/ee\/252670\/","title":{"rendered":"S\u00fcnnip\u00e4eva t\u00f6\u00f6st vabaks saanud Vassiljev: v\u00f5tsin klubi otsuse vastu rahuliku s\u00fcdamega (Pelle Pohlak j\u00e4i kidakeelseks) &#8211; Soccernet.ee"},"content":{"rendered":"<p>                      N\u00fc\u00fcd on \u00f5nneks t\u00f5en\u00e4osus, et K. Vassiljevist v\u00f5ib saada kunagi Eesti jalgpallikoondise peatreener, oluliselt v\u00e4iksem. Ta on ise oma h\u00e4dades s\u00fc\u00fcdi: pildiskandaal, ebam\u00e4\u00e4rane jutt agressiooni teemal ja n\u00fc\u00fcd eba\u00f5nnestumine peatreenerina nii Eestis kui Euroopas. Kunagi oli suurep\u00e4rane m\u00e4ngija Eesti tipptasemest oluliselt k\u00f5rgemal, kes mu meelest oma potentsiaali ei realiseerinud &#8211; mul on tunne, et p\u00f5ikp\u00e4isuse t\u00f5ttu &#8211; aga las see j\u00e4\u00e4b praegu.<\/p>\n<p>Olen enam kui kindel, et me oleme iga kell valmis selle potentsiaalse koondise peatreeneri l\u00fckke vastu seisma.\n                    <\/p>\n","protected":false},"excerpt":{"rendered":"N\u00fc\u00fcd on \u00f5nneks t\u00f5en\u00e4osus, et K. Vassiljevist v\u00f5ib saada kunagi Eesti jalgpallikoondise peatreener, oluliselt v\u00e4iksem. Ta on ise&hellip;\n","protected":false},"author":2,"featured_media":252671,"comment_status":"","ping_status":"","sticky":false,"template":"","format":"standard","meta":{"footnotes":"","_share_on_mastodon":"0"},"categories":[5],"tags":[26,27,37,33,35,34,36,31,32,163,21,2823,28,29,19,33285,25,1465,23,24,22,20,3114,30],"class_list":["post-252670","post","type-post","status-publish","format-standard","has-post-thumbnail","category-uldised-uudised","tag-breaking-news","tag-breakingnews","tag-ee","tag-eesti","tag-eesti-keel","tag-estonia","tag-estonian","tag-featured-news","tag-featurednews","tag-flora","tag-headlines","tag-konstantin-vassiljev","tag-latest-news","tag-latestnews","tag-news","tag-pelle-pohlak","tag-populaarseimad-lood","tag-tallinna-fc-flora","tag-top-stories","tag-topstories","tag-uldised-uudised","tag-uudised","tag-vassiljev","tag-viimased-uudised"],"share_on_mastodon":{"url":"https:\/\/pubeurope.com\/@ee\/117098860095744734","error":""},"_links":{"self":[{"href":"https:\/\/www.europesays.com\/ee\/wp-json\/wp\/v2\/posts\/252670","targetHints":{"allow":["GET"]}}],"collection":[{"href":"https:\/\/www.europesays.com\/ee\/wp-json\/wp\/v2\/posts"}],"about":[{"href":"https:\/\/www.europesays.com\/ee\/wp-json\/wp\/v2\/types\/post"}],"author":[{"embeddable":true,"href":"https:\/\/www.europesays.com\/ee\/wp-json\/wp\/v2\/users\/2"}],"replies":[{"embeddable":true,"href":"https:\/\/www.europesays.com\/ee\/wp-json\/wp\/v2\/comments?post=252670"}],"version-history":[{"count":0,"href":"https:\/\/www.europesays.com\/ee\/wp-json\/wp\/v2\/posts\/252670\/revisions"}],"wp:featuredmedia":[{"embeddable":true,"href":"https:\/\/www.europesays.com\/ee\/wp-json\/wp\/v2\/media\/252671"}],"wp:attachment":[{"href":"https:\/\/www.europesays.com\/ee\/wp-json\/wp\/v2\/media?parent=252670"}],"wp:term":[{"taxonomy":"category","embeddable":true,"href":"https:\/\/www.europesays.com\/ee\/wp-json\/wp\/v2\/categories?post=252670"},{"taxonomy":"post_tag","embeddable":true,"href":"https:\/\/www.europesays.com\/ee\/wp-json\/wp\/v2\/tags?post=252670"}],"curies":[{"name":"wp","href":"https:\/\/api.w.org\/{rel}","templated":true}]}}