{"id":252672,"date":"2026-08-15T09:46:53","date_gmt":"2026-08-15T09:46:53","guid":{"rendered":"https:\/\/www.europesays.com\/ee\/252672\/"},"modified":"2026-08-15T09:46:53","modified_gmt":"2026-08-15T09:46:53","slug":"eesti-tooturg-kahestub-toostus-kasvab-teenindussektoris-valitseb-tihe-konkurents","status":"publish","type":"post","link":"https:\/\/www.europesays.com\/ee\/252672\/","title":{"rendered":"Eesti t\u00f6\u00f6turg kahestub: t\u00f6\u00f6stus kasvab, teenindussektoris valitseb tihe konkurents"},"content":{"rendered":"<p class=\"text-muted-foreground text-[15px] leading-relaxed\">Eesti t\u00f6\u00f6turul p\u00fcsis 2026. aasta esimesel poolel t\u00f6\u00f6pakkumiste \u00fcldarv stabiilsena, kuid t\u00f6\u00f6stus- ja tootmissektoris j\u00e4tkus seitsmendat kvartalit j\u00e4rjest kasv, samal ajal kui teenindussektoris kandideeris \u00fchele kohale kohati \u00fcle tuhande inimese, viidates m\u00e4rkimisv\u00e4\u00e4rsele t\u00f6\u00f6j\u00f5u \u00fclek\u00fcllusele.<\/p>\n<p><a class=\"border-border\/60 hover:border-foreground\/30 focus-visible:ring-foreground\/30 mt-3 flex items-center justify-between gap-3 border px-3 py-2 font-mono text-[10px] font-medium uppercase tracking-wide transition-colors duration-150 focus-visible:outline-none focus-visible:ring-2\" data-sentry-element=\"Link\" data-sentry-component=\"StoryCirculationTeaser\" data-sentry-source-file=\"StoryCirculation.tsx\" href=\"https:\/\/shortl.ee\/et\/estonia\" rel=\"nofollow noopener\" target=\"_blank\">T\u00c4NA \u00b7 5 LUGUVaata \u00fcle<\/a><\/p>\n<ul class=\"space-y-3 text-[15px] leading-relaxed\">\n<li class=\"flex gap-3\">\u2014T\u00f6\u00f6pakkumiste koguarv Eestis p\u00fcsis 2026. aasta esimesel poolel stabiilsena, mis on koosk\u00f5las eelmise aasta tasemega.<\/li>\n<li class=\"flex gap-3\">\u2014T\u00f6\u00f6stus- ja tootmissektorites kasvas t\u00f6\u00f6pakkumiste arv seitsmendat kvartalit j\u00e4rjest, mis n\u00e4itab t\u00f6\u00f6andjate p\u00fcsivat n\u00f5udlust.<\/li>\n<li class=\"flex gap-3\">\u2014Teenindussektoris oli aga erakordselt tihe konkurents, kus m\u00f5nele ametikohale kandideeris \u00fcle tuhande inimese.<\/li>\n<li class=\"flex gap-3\">\u2014Konkreetsed sektorid nagu IT, haridus ja transport teatasid samuti t\u00f6\u00f6v\u00f5imaluste suurenemisest, samas kui ehitus-, kinnisvara- ja tervishoiusektorites oli kasv tagasihoidlikum v\u00f5i stabiilne.<\/li>\n<li class=\"flex gap-3\">\u2014Klienditeeninduse ja m\u00fc\u00fcgi rollides v\u00e4henes t\u00f6\u00f6pakkumiste arv, samuti kahanes administratiivsete ja tugiteenuste positsioonide hulk.<\/li>\n<\/ul>\n","protected":false},"excerpt":{"rendered":"Eesti t\u00f6\u00f6turul p\u00fcsis 2026. aasta esimesel poolel t\u00f6\u00f6pakkumiste \u00fcldarv stabiilsena, kuid t\u00f6\u00f6stus- ja tootmissektoris j\u00e4tkus seitsmendat kvartalit j\u00e4rjest&hellip;\n","protected":false},"author":2,"featured_media":252673,"comment_status":"","ping_status":"","sticky":false,"template":"","format":"standard","meta":{"footnotes":"","_share_on_mastodon":"0"},"categories":[14],"tags":[131,130,37,33,35,34,36,4925,672,32030,675,6235,392,2161],"class_list":["post-252672","post","type-post","status-publish","format-standard","has-post-thumbnail","category-ari","tag-ari","tag-business","tag-ee","tag-eesti","tag-eesti-keel","tag-estonia","tag-estonian","tag-konkurents","tag-majandus","tag-teenindus","tag-toopakkumised","tag-toopuudus","tag-toostus","tag-tooturg"],"share_on_mastodon":{"url":"https:\/\/pubeurope.com\/@ee\/117098895425736841","error":""},"_links":{"self":[{"href":"https:\/\/www.europesays.com\/ee\/wp-json\/wp\/v2\/posts\/252672","targetHints":{"allow":["GET"]}}],"collection":[{"href":"https:\/\/www.europesays.com\/ee\/wp-json\/wp\/v2\/posts"}],"about":[{"href":"https:\/\/www.europesays.com\/ee\/wp-json\/wp\/v2\/types\/post"}],"author":[{"embeddable":true,"href":"https:\/\/www.europesays.com\/ee\/wp-json\/wp\/v2\/users\/2"}],"replies":[{"embeddable":true,"href":"https:\/\/www.europesays.com\/ee\/wp-json\/wp\/v2\/comments?post=252672"}],"version-history":[{"count":0,"href":"https:\/\/www.europesays.com\/ee\/wp-json\/wp\/v2\/posts\/252672\/revisions"}],"wp:featuredmedia":[{"embeddable":true,"href":"https:\/\/www.europesays.com\/ee\/wp-json\/wp\/v2\/media\/252673"}],"wp:attachment":[{"href":"https:\/\/www.europesays.com\/ee\/wp-json\/wp\/v2\/media?parent=252672"}],"wp:term":[{"taxonomy":"category","embeddable":true,"href":"https:\/\/www.europesays.com\/ee\/wp-json\/wp\/v2\/categories?post=252672"},{"taxonomy":"post_tag","embeddable":true,"href":"https:\/\/www.europesays.com\/ee\/wp-json\/wp\/v2\/tags?post=252672"}],"curies":[{"name":"wp","href":"https:\/\/api.w.org\/{rel}","templated":true}]}}