{"id":252682,"date":"2026-08-15T10:09:11","date_gmt":"2026-08-15T10:09:11","guid":{"rendered":"https:\/\/www.europesays.com\/ee\/252682\/"},"modified":"2026-08-15T10:09:11","modified_gmt":"2026-08-15T10:09:11","slug":"venemaal-napib-taas-bensiini-ukraina-runnak-sulges-kuudeks-suure-naftatehase","status":"publish","type":"post","link":"https:\/\/www.europesays.com\/ee\/252682\/","title":{"rendered":"Venemaal napib taas bensiini. Ukraina r\u00fcnnak sulges kuudeks suure naftatehase"},"content":{"rendered":"<p>Venemaa valitsus teatas reedel, et tanklate <a rel=\"noopener nofollow\" target=\"_blank\" href=\"https:\/\/www.delfi.ee\/teema\/25012605\/kutus\" tag-id=\"25012605\">k\u00fctusega<\/a> varustamine on mitmes piirkonnas endiselt pingeline. Naftafirmadele on antud korraldus suunata rohkem k\u00fctust piirkondadesse, kus puudus on k\u00f5ige teravam.<\/p>\n<p>K\u00fctuseolukorra arutamiseks korraldati ka valitsuse n\u00f5upidamine. Energeetikavaldkonna eest vastutav asepeaminister Aleksandr Novak andis korralduse j\u00e4lgida, kuidas k\u00fctusehinnad muutuvad.<\/p>\n<p>Puudust s\u00fcvendavad Ukraina j\u00e4tkuvad drooni- ja raketir\u00fcnnakud Venemaa energiarajatistele. Ukraina eesm\u00e4rk on v\u00e4hendada Venemaa naftatulusid, mida kasutatakse muu hulgas s\u00f5jategevuse rahastamiseks.<\/p>\n<p>Sel n\u00e4dalal tabas r\u00fcnnak Orenburgi oblastis asuvat Orski naftat\u00f6\u00f6tlemistehast, mis paikneb rindejoonest ligikaudu 1300 kilomeetri kaugusel. Tehas suleti ning esialgsetel andmetel v\u00f5ivad remondit\u00f6\u00f6d kesta kuus kuud.<\/p>\n<p>Tanklad piiravad k\u00fctuse m\u00fc\u00fcki<\/p>\n<p>Venemaa piirkonnad on viimastel kuudel pidanud korduvalt k\u00fctuse m\u00fc\u00fcki piirama. Peaaegu k\u00f5ikjal riigis on mingil hetkel kehtestatud piiranguid, n\u00e4iteks keelatud bensiini kanistritesse tankida.<\/p>\n<p>\u00dcks raskemini m\u00f5jutatud piirkondi on Musta mere \u00e4\u00e4res asuv ja turistide seas populaarne Krasnodari krai. Piirkonna kuberneri Veniamin Kondratjevi s\u00f5nul on naftafirmad taas v\u00e4hendanud tanklatele tarnitava k\u00fctuse koguseid ning l\u00fchendanud nende lahtiolekuaegu.<\/p>\n<p>Kondratjev m\u00e4rkis, et olukord teeb muret nii kohalikele elanikele kui ka turistidele. Ta palus f\u00f6deraalv\u00f5imudel piirkonda t\u00e4iendavat k\u00fctust saata.<\/p>\n<p>Putin nimetas puuduj\u00e4\u00e4ki ajutiseks<\/p>\n<p>Vladimir Putin tunnistas juunis esimest korda avalikult, et riigis valitseb \u201eteatav k\u00fctusepuudus\u201c. Tema s\u00f5nul elab Venemaa \u00fcle keerulist perioodi, kuid probleemid ei olevat kriitilised.<\/p>\n<p>Putini s\u00f5nul kavatseb Venemaa puuduj\u00e4\u00e4gi leevendamiseks suurendada k\u00fctuse importi ja kiirendada r\u00fcnnakutes kahjustatud naftarajatiste remonti. Samuti lubas ta suurendada \u00f5hut\u00f5rjes\u00fcsteemide tootmist, et Ukraina r\u00fcnnakuid t\u00f5rjuda.<\/p>\n<p>Ukraina president Volod\u00f5m\u00f5r Zelensk\u00f5i on nimetanud s\u00fcgaval Venemaa territooriumil asuvate energiarajatiste r\u00fcndamist \u201ekaugmaasanktsioonideks\u201c.<\/p>\n<p>Kuidas see lugu Sind end tundma pani?Saada<a href=\"https:\/\/arileht.delfi.ee\/artikkel\/120603949\/venemaal-napib-taas-bensiini-ukraina-runnak-sulges-kuudeks-suure-naftatehase\/kommentaarid\" class=\"button button--primary button--size-auto article-body-bottom__comment article-body-bottom__comment--write\" style=\"\" rel=\"nofollow noopener\" target=\"_blank\">Kommenteeri<\/a><a href=\"https:\/\/arileht.delfi.ee\/artikkel\/120603949\/venemaal-napib-taas-bensiini-ukraina-runnak-sulges-kuudeks-suure-naftatehase\/kommentaarid\" class=\"button button--size-auto article-body-bottom__comment article-body-bottom__comment--read\" style=\"\" rel=\"nofollow noopener\" target=\"_blank\">Loe kommentaare (32)<\/a><\/p>\n","protected":false},"excerpt":{"rendered":"Venemaa valitsus teatas reedel, et tanklate k\u00fctusega varustamine on mitmes piirkonnas endiselt pingeline. Naftafirmadele on antud korraldus suunata&hellip;\n","protected":false},"author":2,"featured_media":252683,"comment_status":"","ping_status":"","sticky":false,"template":"","format":"standard","meta":{"footnotes":"","_share_on_mastodon":"0"},"categories":[80],"tags":[26,27,37,33,35,34,36,31,32,21,393,28,29,95,19,25,23,24,262,22,20,96,30,92,93,94],"class_list":["post-252682","post","type-post","status-publish","format-standard","has-post-thumbnail","category-maailm","tag-breaking-news","tag-breakingnews","tag-ee","tag-eesti","tag-eesti-keel","tag-estonia","tag-estonian","tag-featured-news","tag-featurednews","tag-headlines","tag-kutus","tag-latest-news","tag-latestnews","tag-maailm","tag-news","tag-populaarseimad-lood","tag-top-stories","tag-topstories","tag-ukraina","tag-uldised-uudised","tag-uudised","tag-venemaa","tag-viimased-uudised","tag-world","tag-world-news","tag-worldnews"],"share_on_mastodon":{"url":"https:\/\/pubeurope.com\/@ee\/117098981807847312","error":""},"_links":{"self":[{"href":"https:\/\/www.europesays.com\/ee\/wp-json\/wp\/v2\/posts\/252682","targetHints":{"allow":["GET"]}}],"collection":[{"href":"https:\/\/www.europesays.com\/ee\/wp-json\/wp\/v2\/posts"}],"about":[{"href":"https:\/\/www.europesays.com\/ee\/wp-json\/wp\/v2\/types\/post"}],"author":[{"embeddable":true,"href":"https:\/\/www.europesays.com\/ee\/wp-json\/wp\/v2\/users\/2"}],"replies":[{"embeddable":true,"href":"https:\/\/www.europesays.com\/ee\/wp-json\/wp\/v2\/comments?post=252682"}],"version-history":[{"count":0,"href":"https:\/\/www.europesays.com\/ee\/wp-json\/wp\/v2\/posts\/252682\/revisions"}],"wp:featuredmedia":[{"embeddable":true,"href":"https:\/\/www.europesays.com\/ee\/wp-json\/wp\/v2\/media\/252683"}],"wp:attachment":[{"href":"https:\/\/www.europesays.com\/ee\/wp-json\/wp\/v2\/media?parent=252682"}],"wp:term":[{"taxonomy":"category","embeddable":true,"href":"https:\/\/www.europesays.com\/ee\/wp-json\/wp\/v2\/categories?post=252682"},{"taxonomy":"post_tag","embeddable":true,"href":"https:\/\/www.europesays.com\/ee\/wp-json\/wp\/v2\/tags?post=252682"}],"curies":[{"name":"wp","href":"https:\/\/api.w.org\/{rel}","templated":true}]}}