{"id":252726,"date":"2026-08-15T11:49:07","date_gmt":"2026-08-15T11:49:07","guid":{"rendered":"https:\/\/www.europesays.com\/ee\/252726\/"},"modified":"2026-08-15T11:49:07","modified_gmt":"2026-08-15T11:49:07","slug":"tanavakusitlus-%e2%9f%a9-keda-valiksite-eesti-presidendiks","status":"publish","type":"post","link":"https:\/\/www.europesays.com\/ee\/252726\/","title":{"rendered":"T\u00c4NAVAK\u00dcSITLUS \u27e9 Keda valiksite Eesti presidendiks?"},"content":{"rendered":"<p>Sakala uuris laup\u00e4eva ennel\u00f5unal Uku keskuse juures t\u00e4navak\u00fcsitluses, kelle valiksid inimesed Eesti presidendiks. M\u00f5istagi on tegemist pelgalt h\u00fcpoteetilise k\u00fcsimusega, sest Eestis ei vali presidenti otse rahvas. Eesti j\u00e4rgmised presidendivalimised toimuvad 2026. aasta septembri alguses. Riigikogu esimene h\u00e4\u00e4letusvoor on kavandatud 2. septembrile. Ametis oleva presidendi Alar Karise ametiaeg l\u00f5peb 10. oktoobril 2026 ning Karis teatas t\u00e4navu juunis, et teiseks ametiajaks ta ei kandideeri.<\/p>\n<p>Kuuest k\u00fcsitletust kaks nimetasid oma eelistatud presidendina praegust \u00f5iguskantslerit \u00dclle Madiset.<\/p>\n","protected":false},"excerpt":{"rendered":"Sakala uuris laup\u00e4eva ennel\u00f5unal Uku keskuse juures t\u00e4navak\u00fcsitluses, kelle valiksid inimesed Eesti presidendiks. M\u00f5istagi on tegemist pelgalt h\u00fcpoteetilise&hellip;\n","protected":false},"author":2,"featured_media":252727,"comment_status":"","ping_status":"","sticky":false,"template":"","format":"standard","meta":{"footnotes":"","_share_on_mastodon":"0"},"categories":[12],"tags":[622,26,27,37,33,35,34,36,31,32,1780,21,1781,28,29,1778,1773,19,1774,25,1771,1779,23,24,196,22,20,30,986,1782,1776,1777,1775,1772,1784,1785,1783,598],"class_list":["post-252726","post","type-post","status-publish","format-standard","has-post-thumbnail","category-eesti","tag-ajakirjandus","tag-breaking-news","tag-breakingnews","tag-ee","tag-eesti","tag-eesti-keel","tag-estonia","tag-estonian","tag-featured-news","tag-featurednews","tag-folk","tag-headlines","tag-kultuuriakadeemia","tag-latest-news","tag-latestnews","tag-mulgi-vald","tag-mulgimaa","tag-news","tag-pohja-sakala","tag-populaarseimad-lood","tag-sakala","tag-soomaa","tag-top-stories","tag-topstories","tag-ugala","tag-uldised-uudised","tag-uudised","tag-viimased-uudised","tag-viljandi","tag-viljandi-haigla","tag-viljandi-linn","tag-viljandi-uudised","tag-viljandi-vald","tag-viljandimaa","tag-viljandimaa-ettevotlus","tag-viljandimaa-sundmused","tag-viljandimaa-uudised","tag-vortsjarv"],"share_on_mastodon":{"url":"","error":"Validation failed: Text character limit of 500 exceeded"},"_links":{"self":[{"href":"https:\/\/www.europesays.com\/ee\/wp-json\/wp\/v2\/posts\/252726","targetHints":{"allow":["GET"]}}],"collection":[{"href":"https:\/\/www.europesays.com\/ee\/wp-json\/wp\/v2\/posts"}],"about":[{"href":"https:\/\/www.europesays.com\/ee\/wp-json\/wp\/v2\/types\/post"}],"author":[{"embeddable":true,"href":"https:\/\/www.europesays.com\/ee\/wp-json\/wp\/v2\/users\/2"}],"replies":[{"embeddable":true,"href":"https:\/\/www.europesays.com\/ee\/wp-json\/wp\/v2\/comments?post=252726"}],"version-history":[{"count":0,"href":"https:\/\/www.europesays.com\/ee\/wp-json\/wp\/v2\/posts\/252726\/revisions"}],"wp:featuredmedia":[{"embeddable":true,"href":"https:\/\/www.europesays.com\/ee\/wp-json\/wp\/v2\/media\/252727"}],"wp:attachment":[{"href":"https:\/\/www.europesays.com\/ee\/wp-json\/wp\/v2\/media?parent=252726"}],"wp:term":[{"taxonomy":"category","embeddable":true,"href":"https:\/\/www.europesays.com\/ee\/wp-json\/wp\/v2\/categories?post=252726"},{"taxonomy":"post_tag","embeddable":true,"href":"https:\/\/www.europesays.com\/ee\/wp-json\/wp\/v2\/tags?post=252726"}],"curies":[{"name":"wp","href":"https:\/\/api.w.org\/{rel}","templated":true}]}}