{"id":252734,"date":"2026-08-15T11:59:16","date_gmt":"2026-08-15T11:59:16","guid":{"rendered":"https:\/\/www.europesays.com\/ee\/252734\/"},"modified":"2026-08-15T11:59:16","modified_gmt":"2026-08-15T11:59:16","slug":"venemaa-karistab-inimesi-soja-hinda-paljastavate-haudade-pildistamise-eest-valismaa","status":"publish","type":"post","link":"https:\/\/www.europesays.com\/ee\/252734\/","title":{"rendered":"Venemaa karistab inimesi s\u00f5ja hinda paljastavate haudade pildistamise eest | V\u00e4lismaa"},"content":{"rendered":"<p>Kuna Venemaa v\u00f5imud teevad k\u00f5ik endast Ukraina s\u00f5jas hukkunute arvu varjamiseks, on seni andmete k\u00e4ttesaamisel heaks vahendiks olnud hauad. N\u00fc\u00fcd karistavad aga riigi julgeolekuteenistused nende pildistajaid ning s\u00fc\u00fcdistavad neid Ukraina heaks t\u00f6\u00f6tamises<\/p>\n<p>Venemaa f\u00f6deraalse julgeolekuteenistuse (FSB) eelmisel n\u00e4dalal avaldatud pildil on v\u00e4idetavalt n\u00e4ha hetke, mil Moskvast umbes 250 kilomeetrit kirdes asuvas Jaroslavlis peeti kinni 48-aastane mees. Teda s\u00fc\u00fcdistatakse Ukrainas langenud s\u00f5durite haudade &#8220;salajases&#8221; pildistamises ja filmimises.<\/p>\n<p>See on \u00fcks viimastest juhtumitest, kus Vene inimesi s\u00fc\u00fcdistatakse Ukraina s\u00f5jas surnud s\u00f5durite haudade j\u00e4\u00e4dvustamise eest riigireetmises.<\/p>\n<p>Juuni l\u00f5pus teatasid Siberis Tomski oblasti v\u00f5imud, et rahalise tasu eest Venemaa s\u00f5durite kohta teabe kogumise eest peeti kinni mitu inimest.<\/p>\n<p>Kaks sarnast juhtumit on registreeritud ka Sverdlovski oblastis, kus kahtlustatavaid s\u00fc\u00fcdistatakse piltide saatmises Ukraina julgeolekuagendile, seda alla \u00fche euro suuruse tasu eest foto kohta.<\/p>\n<p>Oblasti pealinnas Jekaterinburgis tugevdati v\u00f5imude teatel kalmistutel turvapatrulle, &#8220;et inimesed, keda [haudadest fotosid soovivad] v\u00e4rbajad sihivad, m\u00f5istaksid, et tegemist pole s\u00fc\u00fctu asjaga \u2013 see on kuritegu, mis v\u00f5ib tuua kaasa reaalse karistuse.&#8221;<\/p>\n<p>Enamikus juhtumitest v\u00e4idab FSB, et kahtlustatavad t\u00f6\u00f6tasid Ukraina heaks.<\/p>\n<p>Haud on t\u00f6\u00f6rist ajakirjanikele ja inim\u00f5iguste r\u00fchmistusele<\/p>\n<p>Haudade fotod on olnud oluliseks teabeallikaks ajakirjanikele ja inim\u00f5iguste r\u00fchmitustele, kes p\u00fc\u00fcavad hinnata Ukrainas lahingutes hukkunud venelaste arvu \u2013 andmeid, mida Venemaa v\u00f5imud kiivalt varjata p\u00fc\u00fcavad.<\/p>\n<p>S\u00f5jas hukkunud Vene s\u00f5durite arvu kohta on aga v\u00e4ga erinevaid hinnanguid<\/p>\n<p>Mais \u00fctles Briti luurejuht, et alates 2022. aastast, mil Kreml alustas t\u00e4iemahulist sissetungi Ukrainasse, on hukkunud ligi 500 000 Venemaa s\u00f5durit. Washingtonis asuva Strateegiliste ja Rahvusvaheliste Uuringute Keskuse (CSIS) eelmisel kuul avaldatud aruanne hindas selleks arvuks 450 000.<\/p>\n<p>&#8220;Kreml on teinud k\u00f5ik endast oleneva, et varjata tegelikku hukkunute arvu,&#8221; \u00fctles CSIS-i anal\u00fc\u00fctik Seth Jones selle aasta alguses Raadio Vaba Euroopale. &#8220;Venemaa armee on esinenud halvemini kui \u00fckski teine suurriigi s\u00f5jav\u00e4gi, mida oleme viimase sajandi jooksul uurinud.&#8221;<\/p>\n<p>CSIS viitab intervjuudele USA, Ukraina ja Euroopa ametnikega, samuti kohapealsetele reportaa\u017eidele Mediazonalt, mis on Venemaa v\u00f5imude poolt v\u00e4lisagendiks kuulutatud s\u00f5ltumatu uudisteportaal.<\/p>\n<p>V\u00e4ljaanne on kogunud kokku 236 000 sellise Venemaa s\u00f5duri nimed, kes on nende kinnitusel Ukrainas hukkunud. Mais hindas portaal tegelikuks s\u00f5jas hukkunute arvuks umbes 350 000.<\/p>\n<p>&#8220;Meie jaoks oli kalmistutel k\u00e4imine \u00fcsna oluline teabeallikas,&#8221; \u00fctles Mediazona toimetaja Dmitri Tre\u0161t\u0161anin v\u00e4ljaandele Current Time. &#8220;Kunagi varem pole seda t\u00f5lgendatud riigireetmisena.&#8221;<\/p>\n<p>Riigireetmise juhtumite arv on Venemaal kasvanud alates 2022. aasta veebruarist, mil algas t\u00e4iemahuline sissetung Ukrainasse.<\/p>\n<p>Kalmistutelt Venemaa s\u00f5jas hukkunute kohta otseste t\u00f5endite hankimine on niisiis muutunud palju riskantsemaks. Kuid on ka teisi v\u00f5imalusi, n\u00e4iteks surmakuulutused Venemaa ametlikes allikates v\u00f5i meedias, s\u00f5prade ja pereliikmete postitused sotsiaalmeedias v\u00f5i teave matuste kohta.<\/p>\n","protected":false},"excerpt":{"rendered":"Kuna Venemaa v\u00f5imud teevad k\u00f5ik endast Ukraina s\u00f5jas hukkunute arvu varjamiseks, on seni andmete k\u00e4ttesaamisel heaks vahendiks olnud&hellip;\n","protected":false},"author":2,"featured_media":252735,"comment_status":"","ping_status":"","sticky":false,"template":"","format":"standard","meta":{"footnotes":"","_share_on_mastodon":"0"},"categories":[80],"tags":[26,27,37,33,35,34,36,31,32,9251,21,28,29,95,19,25,23,24,124,99125,22,20,99124,96,30,92,93,94],"class_list":["post-252734","post","type-post","status-publish","format-standard","has-post-thumbnail","category-maailm","tag-breaking-news","tag-breakingnews","tag-ee","tag-eesti","tag-eesti-keel","tag-estonia","tag-estonian","tag-featured-news","tag-featurednews","tag-fsb","tag-headlines","tag-latest-news","tag-latestnews","tag-maailm","tag-news","tag-populaarseimad-lood","tag-top-stories","tag-topstories","tag-ukraina-soda","tag-ukraina-sojas-hukkunud","tag-uldised-uudised","tag-uudised","tag-vene-sodurite-hauad","tag-venemaa","tag-viimased-uudised","tag-world","tag-world-news","tag-worldnews"],"share_on_mastodon":{"url":"https:\/\/pubeurope.com\/@ee\/117099414668311186","error":""},"_links":{"self":[{"href":"https:\/\/www.europesays.com\/ee\/wp-json\/wp\/v2\/posts\/252734","targetHints":{"allow":["GET"]}}],"collection":[{"href":"https:\/\/www.europesays.com\/ee\/wp-json\/wp\/v2\/posts"}],"about":[{"href":"https:\/\/www.europesays.com\/ee\/wp-json\/wp\/v2\/types\/post"}],"author":[{"embeddable":true,"href":"https:\/\/www.europesays.com\/ee\/wp-json\/wp\/v2\/users\/2"}],"replies":[{"embeddable":true,"href":"https:\/\/www.europesays.com\/ee\/wp-json\/wp\/v2\/comments?post=252734"}],"version-history":[{"count":0,"href":"https:\/\/www.europesays.com\/ee\/wp-json\/wp\/v2\/posts\/252734\/revisions"}],"wp:featuredmedia":[{"embeddable":true,"href":"https:\/\/www.europesays.com\/ee\/wp-json\/wp\/v2\/media\/252735"}],"wp:attachment":[{"href":"https:\/\/www.europesays.com\/ee\/wp-json\/wp\/v2\/media?parent=252734"}],"wp:term":[{"taxonomy":"category","embeddable":true,"href":"https:\/\/www.europesays.com\/ee\/wp-json\/wp\/v2\/categories?post=252734"},{"taxonomy":"post_tag","embeddable":true,"href":"https:\/\/www.europesays.com\/ee\/wp-json\/wp\/v2\/tags?post=252734"}],"curies":[{"name":"wp","href":"https:\/\/api.w.org\/{rel}","templated":true}]}}