{"id":252754,"date":"2026-08-15T12:19:08","date_gmt":"2026-08-15T12:19:08","guid":{"rendered":"https:\/\/www.europesays.com\/ee\/252754\/"},"modified":"2026-08-15T12:19:08","modified_gmt":"2026-08-15T12:19:08","slug":"vahepeal-onn-naeratab-tribuntsov-jefimova-ja-salu-joudsid-poolfinaali","status":"publish","type":"post","link":"https:\/\/www.europesays.com\/ee\/252754\/","title":{"rendered":"\u201eVahepeal \u00f5nn naeratab.\u201c Tribuntsov, Jefimova ja Salu j\u00f5udsid poolfinaali"},"content":{"rendered":"<p>Tribuntsov ujus ajaks 22,07, mis on vaid kaks sajandikku aeglasem tema enda p\u00fcstitatud Eesti rekordist. Aegade v\u00f5rdluses oli Tribuntsov 17. Kuigi poolfinaali p\u00e4\u00e4sevad 16 paremat, siis p\u00e4\u00e4ses ta edasi, sest parimate hulgas oli kolm itaallast, kuid poolfinaali sai neist p\u00e4\u00e4seda vaid kaks. <\/p>\n<p>\u201eMa l\u00e4ksin k\u00f5ike andma ja surusin l\u00f5puni. Aeg oli pettumus, aga no n\u00e4ed, vahepeal \u00f5nn naeratab. Alustasin \u00e4kki liiga tempokalt ja k\u00e4si vajus l\u00e4bi. Daniel [Zaitsev] v\u00e4itis, et start oli aeglane. Tuleb videot vaadata,\u201c s\u00f5nas Tribuntsov Duo Stari otse-eetris. <\/p>\n<p>Samal distantsil olid v\u00f5istlustules ka Alex Ahtiainen (54.), Siim Keskk\u00fcla (73.) ja Daniel Zaitsev (33.). Meeste 50 meetri vabaujumise poolfinaalid algavad Eesti aja j\u00e4rgi 19.54, Tribuntsov on esimeses poolfinaalis.<\/p>\n<p>Salu oli Jefimovast kiirem<\/p>\n<p>Naiste 50 meetri rinnuliujumises olid stardis Eneli Jefimova ja Egle Salu. Kusjuures kahest eestlannast oli kiirem Salu, kelle ajaks m\u00e4rgiti 30,61 ja see andis talle eelujumiste \u00fcheksanda koha. Jefimova oli kolme sajandiku v\u00f5rra aeglasem ning l\u00e4ks edasi 12. ajaga. Salu ja Jefimova alustavad finaalikoha eest v\u00f5itlemist 20.01. <\/p>\n<p>H\u00e4sti l\u00e4ks ka parasportlasel Susannah Kaulil, kes p\u00e4\u00e4ses viimasena 50 meetri vabaujumises finaali (30,19). Tema \u00f5htune v\u00f5istlus algab kell 22.27. <\/p>\n<p>Meeste 100 meetri seliliujumises v\u00f5tsid m\u00f5\u00f5tu Dmitri Sillaste ja Lars Kuljus, kes said vastavalt 61. ja 63. koha. Meeste 200 meetri kompleksujumises p\u00fcstitas uue isikliku rekordi Oliver Kuulpak (2,02.59) ning sai 20. koha. <\/p>\n<p>Kuidas see lugu Sind end tundma pani?Saada<a href=\"https:\/\/sport.delfi.ee\/a\/120603954\/kommentaarid\" class=\"button button--primary button--size-auto article-body-bottom__comment article-body-bottom__comment--write\" style=\"\" rel=\"nofollow noopener\" target=\"_blank\">Kommenteeri<\/a><a href=\"https:\/\/sport.delfi.ee\/a\/120603954\/kommentaarid\" class=\"button button--size-auto article-body-bottom__comment article-body-bottom__comment--read\" style=\"\" rel=\"nofollow noopener\" target=\"_blank\">Loe kommentaare (9)<\/a><\/p>\n","protected":false},"excerpt":{"rendered":"Tribuntsov ujus ajaks 22,07, mis on vaid kaks sajandikku aeglasem tema enda p\u00fcstitatud Eesti rekordist. Aegade v\u00f5rdluses oli&hellip;\n","protected":false},"author":2,"featured_media":252755,"comment_status":"","ping_status":"","sticky":false,"template":"","format":"standard","meta":{"footnotes":"","_share_on_mastodon":"0"},"categories":[18],"tags":[37,33,35,34,36,5129,159,158,5260],"class_list":["post-252754","post","type-post","status-publish","format-standard","has-post-thumbnail","category-sport","tag-ee","tag-eesti","tag-eesti-keel","tag-estonia","tag-estonian","tag-ralf-tribuntsov","tag-sport","tag-sports","tag-ujumine"],"share_on_mastodon":{"url":"https:\/\/pubeurope.com\/@ee\/117099493105466450","error":""},"_links":{"self":[{"href":"https:\/\/www.europesays.com\/ee\/wp-json\/wp\/v2\/posts\/252754","targetHints":{"allow":["GET"]}}],"collection":[{"href":"https:\/\/www.europesays.com\/ee\/wp-json\/wp\/v2\/posts"}],"about":[{"href":"https:\/\/www.europesays.com\/ee\/wp-json\/wp\/v2\/types\/post"}],"author":[{"embeddable":true,"href":"https:\/\/www.europesays.com\/ee\/wp-json\/wp\/v2\/users\/2"}],"replies":[{"embeddable":true,"href":"https:\/\/www.europesays.com\/ee\/wp-json\/wp\/v2\/comments?post=252754"}],"version-history":[{"count":0,"href":"https:\/\/www.europesays.com\/ee\/wp-json\/wp\/v2\/posts\/252754\/revisions"}],"wp:featuredmedia":[{"embeddable":true,"href":"https:\/\/www.europesays.com\/ee\/wp-json\/wp\/v2\/media\/252755"}],"wp:attachment":[{"href":"https:\/\/www.europesays.com\/ee\/wp-json\/wp\/v2\/media?parent=252754"}],"wp:term":[{"taxonomy":"category","embeddable":true,"href":"https:\/\/www.europesays.com\/ee\/wp-json\/wp\/v2\/categories?post=252754"},{"taxonomy":"post_tag","embeddable":true,"href":"https:\/\/www.europesays.com\/ee\/wp-json\/wp\/v2\/tags?post=252754"}],"curies":[{"name":"wp","href":"https:\/\/api.w.org\/{rel}","templated":true}]}}