{"id":252784,"date":"2026-08-15T12:55:12","date_gmt":"2026-08-15T12:55:12","guid":{"rendered":"https:\/\/www.europesays.com\/ee\/252784\/"},"modified":"2026-08-15T12:55:12","modified_gmt":"2026-08-15T12:55:12","slug":"kriitika-saatel-isamaast-lahkunud-urmas-espenberg-liitub-parempoolsetega","status":"publish","type":"post","link":"https:\/\/www.europesays.com\/ee\/252784\/","title":{"rendered":"Kriitika saatel Isamaast lahkunud Urmas Espenberg liitub Parempoolsetega"},"content":{"rendered":"<p>Espenberg osaleb ka t\u00e4na toimuval Parempoolsete \u00fcldkogul. Tema s\u00f5nul on erakond s\u00fcmpaatne ja ambitsioonikas. \u201eEestile v\u00e4ga vajalik ning omab piisavalt poliitilist tahet, et Eesti elu peale valimisi paremaks l\u00e4heks. Usun, et see on uus kvaliteet Eesti poliitikas,\u201c m\u00e4rkis Espenberg Delfile.<\/p>\n<p>Espenberg kuulus erakonda Isamaa m\u00f6\u00f6dunud aasta veebruarist kuni selle aasta 4. augustini. <\/p>\n<p>Lahkumist kommenteeris ta kujundliku v\u00e4ljendiga. \u201eN\u00e4iteks teid kutsutakse k\u00fclla kuskile seltskonda, oodatakse ja siis kui sa l\u00e4hed seltskond, siis keegi ei r\u00e4\u00e4gi sinuga. Selline, et kehitad \u00f5lgu ja ei oska midagi teha, umbes selline feeling,\u201c nentis ta kaks n\u00e4dalat tagasi. <\/p>\n<p>\u201eEga mul seda iga ka, et ma poliitikas niisama seal ei viitsi tiksuda mingi erakonna all, et olla lihtsalt liige. Ei ole erilist m\u00f5tet, ikka midagi teha, aga seal nagu keegi ei r\u00e4\u00e4kinud kellegagi, ei t\u00f5stnud toru nagu \u00f6eldakse,\u201c s\u00f5nas Espenberg.<\/p>\n<p>T\u00e4navu aprillikuus tegi mees samuti Facebooki postituse, milles vihjas, et kaalub erakonnast lahkumist. Ta s\u00f5nas toona Delfile, et pole veel otsustanud, mida edasi teha, kuid ei v\u00e4listanud ka poliitikast lahkumist.<\/p>\n<p>Varasemalt kuulus Espenberg Eesti Konservatiivsesse Rahvaerakonda (2013\u20132024) ning erakonda Isamaa ja Res Publica Liit (2000\u20132013).<\/p>\n<p>Kuidas see lugu Sind end tundma pani?Saada<a href=\"https:\/\/www.delfi.ee\/artikkel\/120603984\/kriitikanoolte-saatel-isamaast-lahkunud-urmas-espenberg-liitub-parempoolsetega\/kommentaarid\" class=\"button button--primary button--size-auto article-body-bottom__comment article-body-bottom__comment--write\" style=\"\" rel=\"nofollow noopener\" target=\"_blank\">Kommenteeri<\/a><a href=\"https:\/\/www.delfi.ee\/artikkel\/120603984\/kriitikanoolte-saatel-isamaast-lahkunud-urmas-espenberg-liitub-parempoolsetega\/kommentaarid\" class=\"button button--size-auto article-body-bottom__comment article-body-bottom__comment--read\" style=\"\" rel=\"nofollow noopener\" target=\"_blank\">Loe kommentaare (22)<\/a><\/p>\n","protected":false},"excerpt":{"rendered":"Espenberg osaleb ka t\u00e4na toimuval Parempoolsete \u00fcldkogul. Tema s\u00f5nul on erakond s\u00fcmpaatne ja ambitsioonikas. \u201eEestile v\u00e4ga vajalik ning&hellip;\n","protected":false},"author":2,"featured_media":252785,"comment_status":"","ping_status":"","sticky":false,"template":"","format":"standard","meta":{"footnotes":"","_share_on_mastodon":"0"},"categories":[12],"tags":[26,27,37,33,35,34,36,31,32,21,28,29,19,1059,25,23,24,22,20,30],"class_list":["post-252784","post","type-post","status-publish","format-standard","has-post-thumbnail","category-eesti","tag-breaking-news","tag-breakingnews","tag-ee","tag-eesti","tag-eesti-keel","tag-estonia","tag-estonian","tag-featured-news","tag-featurednews","tag-headlines","tag-latest-news","tag-latestnews","tag-news","tag-parempoolsed","tag-populaarseimad-lood","tag-top-stories","tag-topstories","tag-uldised-uudised","tag-uudised","tag-viimased-uudised"],"share_on_mastodon":{"url":"https:\/\/pubeurope.com\/@ee\/117099634622697299","error":""},"_links":{"self":[{"href":"https:\/\/www.europesays.com\/ee\/wp-json\/wp\/v2\/posts\/252784","targetHints":{"allow":["GET"]}}],"collection":[{"href":"https:\/\/www.europesays.com\/ee\/wp-json\/wp\/v2\/posts"}],"about":[{"href":"https:\/\/www.europesays.com\/ee\/wp-json\/wp\/v2\/types\/post"}],"author":[{"embeddable":true,"href":"https:\/\/www.europesays.com\/ee\/wp-json\/wp\/v2\/users\/2"}],"replies":[{"embeddable":true,"href":"https:\/\/www.europesays.com\/ee\/wp-json\/wp\/v2\/comments?post=252784"}],"version-history":[{"count":0,"href":"https:\/\/www.europesays.com\/ee\/wp-json\/wp\/v2\/posts\/252784\/revisions"}],"wp:featuredmedia":[{"embeddable":true,"href":"https:\/\/www.europesays.com\/ee\/wp-json\/wp\/v2\/media\/252785"}],"wp:attachment":[{"href":"https:\/\/www.europesays.com\/ee\/wp-json\/wp\/v2\/media?parent=252784"}],"wp:term":[{"taxonomy":"category","embeddable":true,"href":"https:\/\/www.europesays.com\/ee\/wp-json\/wp\/v2\/categories?post=252784"},{"taxonomy":"post_tag","embeddable":true,"href":"https:\/\/www.europesays.com\/ee\/wp-json\/wp\/v2\/tags?post=252784"}],"curies":[{"name":"wp","href":"https:\/\/api.w.org\/{rel}","templated":true}]}}