{"id":252798,"date":"2026-08-15T13:18:11","date_gmt":"2026-08-15T13:18:11","guid":{"rendered":"https:\/\/www.europesays.com\/ee\/252798\/"},"modified":"2026-08-15T13:18:11","modified_gmt":"2026-08-15T13:18:11","slug":"lati-relvajoud-viisid-lopuni-drooni-neutraliseerimise","status":"publish","type":"post","link":"https:\/\/www.europesays.com\/ee\/252798\/","title":{"rendered":"L\u00e4ti relvaj\u00f5ud viisid l\u00f5puni drooni neutraliseerimise"},"content":{"rendered":"<p>L\u00e4ti relvaj\u00f5ud viisid laup\u00e4eval Balvi piirkonna Rug\u0101ji vallas l\u00f5puni l\u00f5hket\u00f6\u00f6d, et neutraliseerida p\u00e4ev varem L\u00e4ti territooriumile kukkunud droon, teatasid relvaj\u00f5ud BNS-ile.<\/p>\n<p>Operatsiooni k\u00e4igus v\u00f5is Rug\u0101ji vallas ja selle \u00fcmbruses kuulda plahvatusi. Relvaj\u00f5udude teatel oli plahvatuste heli seotud planeeritud ja kontrollitud neutraliseerimist\u00f6\u00f6dega.<\/p>\n","protected":false},"excerpt":{"rendered":"L\u00e4ti relvaj\u00f5ud viisid laup\u00e4eval Balvi piirkonna Rug\u0101ji vallas l\u00f5puni l\u00f5hket\u00f6\u00f6d, et neutraliseerida p\u00e4ev varem L\u00e4ti territooriumile kukkunud droon,&hellip;\n","protected":false},"author":2,"featured_media":252799,"comment_status":"","ping_status":"","sticky":false,"template":"","format":"standard","meta":{"footnotes":"","_share_on_mastodon":"0"},"categories":[5],"tags":[66482,26,27,404,37,33,35,34,36,31,32,21,28,29,62364,26255,99137,19,25,23,24,22,20,30],"class_list":["post-252798","post","type-post","status-publish","format-standard","has-post-thumbnail","category-uldised-uudised","tag-balvi-piirkond","tag-breaking-news","tag-breakingnews","tag-droon","tag-ee","tag-eesti","tag-eesti-keel","tag-estonia","tag-estonian","tag-featured-news","tag-featurednews","tag-headlines","tag-latest-news","tag-latestnews","tag-lati-ohuruum","tag-lati-relvajoud","tag-lohkemata-laskemoona-neutraliseerimine","tag-news","tag-populaarseimad-lood","tag-top-stories","tag-topstories","tag-uldised-uudised","tag-uudised","tag-viimased-uudised"],"share_on_mastodon":{"url":"https:\/\/pubeurope.com\/@ee\/117099725026514959","error":""},"_links":{"self":[{"href":"https:\/\/www.europesays.com\/ee\/wp-json\/wp\/v2\/posts\/252798","targetHints":{"allow":["GET"]}}],"collection":[{"href":"https:\/\/www.europesays.com\/ee\/wp-json\/wp\/v2\/posts"}],"about":[{"href":"https:\/\/www.europesays.com\/ee\/wp-json\/wp\/v2\/types\/post"}],"author":[{"embeddable":true,"href":"https:\/\/www.europesays.com\/ee\/wp-json\/wp\/v2\/users\/2"}],"replies":[{"embeddable":true,"href":"https:\/\/www.europesays.com\/ee\/wp-json\/wp\/v2\/comments?post=252798"}],"version-history":[{"count":0,"href":"https:\/\/www.europesays.com\/ee\/wp-json\/wp\/v2\/posts\/252798\/revisions"}],"wp:featuredmedia":[{"embeddable":true,"href":"https:\/\/www.europesays.com\/ee\/wp-json\/wp\/v2\/media\/252799"}],"wp:attachment":[{"href":"https:\/\/www.europesays.com\/ee\/wp-json\/wp\/v2\/media?parent=252798"}],"wp:term":[{"taxonomy":"category","embeddable":true,"href":"https:\/\/www.europesays.com\/ee\/wp-json\/wp\/v2\/categories?post=252798"},{"taxonomy":"post_tag","embeddable":true,"href":"https:\/\/www.europesays.com\/ee\/wp-json\/wp\/v2\/tags?post=252798"}],"curies":[{"name":"wp","href":"https:\/\/api.w.org\/{rel}","templated":true}]}}