{"id":252834,"date":"2026-08-15T14:04:07","date_gmt":"2026-08-15T14:04:07","guid":{"rendered":"https:\/\/www.europesays.com\/ee\/252834\/"},"modified":"2026-08-15T14:04:07","modified_gmt":"2026-08-15T14:04:07","slug":"pildid-vaal-galeriis-avati-ludmilla-siimu-ja-marko-kasuri-uhisnaitus-kunst","status":"publish","type":"post","link":"https:\/\/www.europesays.com\/ee\/252834\/","title":{"rendered":"Pildid: Vaal galeriis avati Ludmilla Siimu ja Marko Kasuri \u00fchisn\u00e4itus | Kunst"},"content":{"rendered":"<p>13. augustil avati Tallinnas Vaal galeriis Ludmilla Siimu ja Marko Kasuri \u00fchisn\u00e4itus &#8220;Antarese paralleelid&#8221;.<\/p>\n<p>Ludmilla Siimu ja Marko Kasuri \u00fchisn\u00e4itus &#8220;Antarese paralleelid&#8221; on kahe autori loominguline dialoog, mida kannab kunstnikke \u00fchendav s\u00f5prus, soov teineteiselt \u00f5ppida ja tahe teadmisi jagada. Mitmest t\u00f5est koosnev n\u00e4itus \u00fcletab geomeetrilise paralleelsuse definitsiooni, sest siin need erineval trajektooril kulgevad ja enam kui inimp\u00f5lve jagu nihkes olevad sirged l\u00e4henevad, puutuvad ning kohati lausa l\u00f5ikuvad.<\/p>\n<p>N\u00e4itusel esitletud teosed jagunevad neljaks paralleelseks teemaliiniks: valik Ludmilla Siimu loomingust 1990. aastate algusest kuni t\u00e4nap\u00e4evani; autorite koost\u00f6\u00f6s valminud digikunst; Marko Kasuri t\u00f5lgendus pimeduse ja valguse heitlusest ning tema loodud h\u00f5beehete kollektsioon &#8220;LEO&#8221;, mis peegeldab motiive Leonhard Lapini loomingust.<\/p>\n<p>N\u00e4itus j\u00e4\u00e4b Vaal galeriis avatuks kuni 5. septembrini<\/p>\n","protected":false},"excerpt":{"rendered":"13. augustil avati Tallinnas Vaal galeriis Ludmilla Siimu ja Marko Kasuri \u00fchisn\u00e4itus &#8220;Antarese paralleelid&#8221;. Ludmilla Siimu ja Marko&hellip;\n","protected":false},"author":2,"featured_media":252835,"comment_status":"","ping_status":"","sticky":false,"template":"","format":"standard","meta":{"footnotes":"","_share_on_mastodon":"0"},"categories":[89],"tags":[227,225,226,228,37,33,35,173,34,36,190,229,230,99147,99148,140,367],"class_list":["post-252834","post","type-post","status-publish","format-standard","has-post-thumbnail","category-kunst-ja-kujundus","tag-arts","tag-arts-and-design","tag-artsdesign","tag-design","tag-ee","tag-eesti","tag-eesti-keel","tag-entertainment","tag-estonia","tag-estonian","tag-kunst","tag-kunst-ja-kujundus","tag-kunstkujundus","tag-ludmilla-siim","tag-marko-kasur","tag-meelelahutus","tag-vaal-galerii"],"share_on_mastodon":{"url":"https:\/\/pubeurope.com\/@ee\/117099905988829193","error":""},"_links":{"self":[{"href":"https:\/\/www.europesays.com\/ee\/wp-json\/wp\/v2\/posts\/252834","targetHints":{"allow":["GET"]}}],"collection":[{"href":"https:\/\/www.europesays.com\/ee\/wp-json\/wp\/v2\/posts"}],"about":[{"href":"https:\/\/www.europesays.com\/ee\/wp-json\/wp\/v2\/types\/post"}],"author":[{"embeddable":true,"href":"https:\/\/www.europesays.com\/ee\/wp-json\/wp\/v2\/users\/2"}],"replies":[{"embeddable":true,"href":"https:\/\/www.europesays.com\/ee\/wp-json\/wp\/v2\/comments?post=252834"}],"version-history":[{"count":0,"href":"https:\/\/www.europesays.com\/ee\/wp-json\/wp\/v2\/posts\/252834\/revisions"}],"wp:featuredmedia":[{"embeddable":true,"href":"https:\/\/www.europesays.com\/ee\/wp-json\/wp\/v2\/media\/252835"}],"wp:attachment":[{"href":"https:\/\/www.europesays.com\/ee\/wp-json\/wp\/v2\/media?parent=252834"}],"wp:term":[{"taxonomy":"category","embeddable":true,"href":"https:\/\/www.europesays.com\/ee\/wp-json\/wp\/v2\/categories?post=252834"},{"taxonomy":"post_tag","embeddable":true,"href":"https:\/\/www.europesays.com\/ee\/wp-json\/wp\/v2\/tags?post=252834"}],"curies":[{"name":"wp","href":"https:\/\/api.w.org\/{rel}","templated":true}]}}