{"id":252960,"date":"2026-08-15T17:50:11","date_gmt":"2026-08-15T17:50:11","guid":{"rendered":"https:\/\/www.europesays.com\/ee\/252960\/"},"modified":"2026-08-15T17:50:11","modified_gmt":"2026-08-15T17:50:11","slug":"mets-ja-gouram-said-saksamaa-esiliigas-voidud-shein-inglismaal-kaotuse","status":"publish","type":"post","link":"https:\/\/www.europesays.com\/ee\/252960\/","title":{"rendered":"Mets ja Gouram said Saksamaa esiliigas v\u00f5idud, Shein Inglismaal kaotuse"},"content":{"rendered":"<p>Paremkaitsja Terry Devlin viis veerandtunni m\u00f6\u00f6dudes Portsmouthi juhtima, aga meeskond ei suutnud kodupublikule v\u00f5itu kinkida. Queens Park Rangers l\u00e4ks esimese poolaja l\u00f5puks juba 3:1 juhtima, sest 33. minutil skooris Ilias Chair, 40. minutil Koki Saito ja lisaminutitel Chair l\u00f5i oma teise v\u00e4rava.<\/p>\n<p>Teisel poolajal rohkem v\u00e4ravaid ei n\u00e4htud. 23-aastane Shein viibis platsil 90 minutit, mille jooksul j\u00e4i tema arvele kaks pealel\u00f6\u00f6ki. Lisaks tegi ta Portsmouthi poolkaitsjate ja r\u00fcndavate m\u00e4ngijate seas enim pallipuuteid.<\/p>\n<p>Saksamaa esiliiga teises voorus alistas Eesti noortekoondislase <a rel=\"noopener nofollow\" target=\"_blank\" href=\"https:\/\/www.delfi.ee\/teema\/96943589\/soufian-gouram\" tag-id=\"96943589\">Soufian Gourami<\/a> t\u00f6\u00f6andja Berliini Hertha 4:1 Heidenheimi. Ghouram l\u00e4ks puhkama 64 minutil, mil seis oli juba 3:1. Hooaja deb\u00fc\u00fcdi tegi ka <a rel=\"noopener nofollow\" target=\"_blank\" href=\"https:\/\/www.delfi.ee\/teema\/56500174\/karol-mets\" tag-id=\"56500174\">Karol Mets<\/a>, kes tegi Bochumi kaitseliinis kaasa t\u00e4ism\u00e4ngu ja tema meeskond alistas v\u00f5\u00f5rsil 1:0 Braunschweigi.<\/p>\n<p>Kuidas see lugu Sind end tundma pani?Saada<a href=\"https:\/\/sport.delfi.ee\/artikkel\/120604018\/mets-ja-gouram-said-saksamaa-esiliigas-voidud-shein-inglismaal-kaotuse\/kommentaarid\" class=\"button button--primary button--size-auto article-body-bottom__comment article-body-bottom__comment--write\" style=\"\" rel=\"nofollow noopener\" target=\"_blank\">Kommenteeri<\/a><a href=\"https:\/\/sport.delfi.ee\/artikkel\/120604018\/mets-ja-gouram-said-saksamaa-esiliigas-voidud-shein-inglismaal-kaotuse\/kommentaarid\" class=\"button button--size-auto article-body-bottom__comment article-body-bottom__comment--read\" style=\"\" rel=\"nofollow noopener\" target=\"_blank\">Loe kommentaare (1)<\/a><\/p>\n","protected":false},"excerpt":{"rendered":"Paremkaitsja Terry Devlin viis veerandtunni m\u00f6\u00f6dudes Portsmouthi juhtima, aga meeskond ei suutnud kodupublikule v\u00f5itu kinkida. Queens Park Rangers&hellip;\n","protected":false},"author":2,"featured_media":252961,"comment_status":"","ping_status":"","sticky":false,"template":"","format":"standard","meta":{"footnotes":"","_share_on_mastodon":"0"},"categories":[18],"tags":[37,33,35,34,36,5040,3097,1634,159,158],"class_list":["post-252960","post","type-post","status-publish","format-standard","has-post-thumbnail","category-sport","tag-ee","tag-eesti","tag-eesti-keel","tag-estonia","tag-estonian","tag-karol-mets","tag-rocco-robert-shein","tag-soufian-gouram","tag-sport","tag-sports"],"share_on_mastodon":{"url":"https:\/\/pubeurope.com\/@ee\/117100794732205168","error":""},"_links":{"self":[{"href":"https:\/\/www.europesays.com\/ee\/wp-json\/wp\/v2\/posts\/252960","targetHints":{"allow":["GET"]}}],"collection":[{"href":"https:\/\/www.europesays.com\/ee\/wp-json\/wp\/v2\/posts"}],"about":[{"href":"https:\/\/www.europesays.com\/ee\/wp-json\/wp\/v2\/types\/post"}],"author":[{"embeddable":true,"href":"https:\/\/www.europesays.com\/ee\/wp-json\/wp\/v2\/users\/2"}],"replies":[{"embeddable":true,"href":"https:\/\/www.europesays.com\/ee\/wp-json\/wp\/v2\/comments?post=252960"}],"version-history":[{"count":0,"href":"https:\/\/www.europesays.com\/ee\/wp-json\/wp\/v2\/posts\/252960\/revisions"}],"wp:featuredmedia":[{"embeddable":true,"href":"https:\/\/www.europesays.com\/ee\/wp-json\/wp\/v2\/media\/252961"}],"wp:attachment":[{"href":"https:\/\/www.europesays.com\/ee\/wp-json\/wp\/v2\/media?parent=252960"}],"wp:term":[{"taxonomy":"category","embeddable":true,"href":"https:\/\/www.europesays.com\/ee\/wp-json\/wp\/v2\/categories?post=252960"},{"taxonomy":"post_tag","embeddable":true,"href":"https:\/\/www.europesays.com\/ee\/wp-json\/wp\/v2\/tags?post=252960"}],"curies":[{"name":"wp","href":"https:\/\/api.w.org\/{rel}","templated":true}]}}