{"id":253000,"date":"2026-08-15T20:17:20","date_gmt":"2026-08-15T20:17:20","guid":{"rendered":"https:\/\/www.europesays.com\/ee\/253000\/"},"modified":"2026-08-15T20:17:20","modified_gmt":"2026-08-15T20:17:20","slug":"kulitse-jarvel-kadunud-36-aastane-mees-leiti-uppununa","status":"publish","type":"post","link":"https:\/\/www.europesays.com\/ee\/253000\/","title":{"rendered":"K\u00fclitse j\u00e4rvel kadunud 36-aastane mees leiti uppununa"},"content":{"rendered":"<p>T\u00e4na \u00f6\u00f6sel kell 01.19 sai h\u00e4irekeskus teate <a rel=\"noopener nofollow\" target=\"_blank\" href=\"https:\/\/www.delfi.ee\/teema\/96914777\/kulitse\" data-rel-date-range=\"[]\">K\u00fclitse<\/a> j\u00e4rvel \u00fcmber l\u00e4inud paadist kahe inimesega. P\u00e4\u00e4steameti pressiesindaja Henrik Veenpere s\u00f5nul p\u00e4\u00e4ses \u00fcks inimene iseseisvalt kaldale. <\/p>\n<p>P\u00e4\u00e4stjad ja politseinikud otsisid 36-aastast meest p\u00e4\u00e4stelaudade, jeti ja drooniga ning kammisid l\u00e4bi j\u00e4rve kaldad. Peale \u00f6ise otsingu l\u00f5ppu v\u00f5ttis s\u00fcndmuse \u00fcle politsei, kes j\u00e4tkas otsinguid sonariga. <\/p>\n<p>Politsei leidis mehe surnukeha t\u00e4na \u00f5htupoolikul. \u00d5nnetuse asjaolud selgitatakse v\u00e4lja menetluses.<\/p>\n","protected":false},"excerpt":{"rendered":"T\u00e4na \u00f6\u00f6sel kell 01.19 sai h\u00e4irekeskus teate K\u00fclitse j\u00e4rvel \u00fcmber l\u00e4inud paadist kahe inimesega. P\u00e4\u00e4steameti pressiesindaja Henrik Veenpere&hellip;\n","protected":false},"author":2,"featured_media":253001,"comment_status":"","ping_status":"","sticky":false,"template":"","format":"standard","meta":{"footnotes":"","_share_on_mastodon":"0"},"categories":[5],"tags":[26,27,37,33,35,34,36,31,32,21,1918,99194,28,29,19,353,25,23,24,22,20,30],"class_list":["post-253000","post","type-post","status-publish","format-standard","has-post-thumbnail","category-uldised-uudised","tag-breaking-news","tag-breakingnews","tag-ee","tag-eesti","tag-eesti-keel","tag-estonia","tag-estonian","tag-featured-news","tag-featurednews","tag-headlines","tag-kadunud","tag-kulitse","tag-latest-news","tag-latestnews","tag-news","tag-politsei","tag-populaarseimad-lood","tag-top-stories","tag-topstories","tag-uldised-uudised","tag-uudised","tag-viimased-uudised"],"share_on_mastodon":{"url":"https:\/\/pubeurope.com\/@ee\/117101372640634027","error":""},"_links":{"self":[{"href":"https:\/\/www.europesays.com\/ee\/wp-json\/wp\/v2\/posts\/253000","targetHints":{"allow":["GET"]}}],"collection":[{"href":"https:\/\/www.europesays.com\/ee\/wp-json\/wp\/v2\/posts"}],"about":[{"href":"https:\/\/www.europesays.com\/ee\/wp-json\/wp\/v2\/types\/post"}],"author":[{"embeddable":true,"href":"https:\/\/www.europesays.com\/ee\/wp-json\/wp\/v2\/users\/2"}],"replies":[{"embeddable":true,"href":"https:\/\/www.europesays.com\/ee\/wp-json\/wp\/v2\/comments?post=253000"}],"version-history":[{"count":0,"href":"https:\/\/www.europesays.com\/ee\/wp-json\/wp\/v2\/posts\/253000\/revisions"}],"wp:featuredmedia":[{"embeddable":true,"href":"https:\/\/www.europesays.com\/ee\/wp-json\/wp\/v2\/media\/253001"}],"wp:attachment":[{"href":"https:\/\/www.europesays.com\/ee\/wp-json\/wp\/v2\/media?parent=253000"}],"wp:term":[{"taxonomy":"category","embeddable":true,"href":"https:\/\/www.europesays.com\/ee\/wp-json\/wp\/v2\/categories?post=253000"},{"taxonomy":"post_tag","embeddable":true,"href":"https:\/\/www.europesays.com\/ee\/wp-json\/wp\/v2\/tags?post=253000"}],"curies":[{"name":"wp","href":"https:\/\/api.w.org\/{rel}","templated":true}]}}