{"id":253016,"date":"2026-08-15T21:23:26","date_gmt":"2026-08-15T21:23:26","guid":{"rendered":"https:\/\/www.europesays.com\/ee\/253016\/"},"modified":"2026-08-15T21:23:26","modified_gmt":"2026-08-15T21:23:26","slug":"rahvusvaheline-oigus-lubab-rootsi-vangidel-eestis-asuuli-taotleda","status":"publish","type":"post","link":"https:\/\/www.europesays.com\/ee\/253016\/","title":{"rendered":"Rahvusvaheline \u00f5igus lubab Rootsi vangidel Eestis as\u00fc\u00fcli taotleda"},"content":{"rendered":"<p>Rootsi vangid peaksid Tartu vanglasse j\u00f5udma hiljemalt kahe n\u00e4dala jooksul. Meie riigi esindajad on korduvalt kinnitanud, et kinnipeetavad Eestisse j\u00e4\u00e4da ei saa, kuid vanglarendilepingust leiab punkti, mis k\u00e4sitleb ka v\u00f5imalust as\u00fc\u00fcli taotleda. Miks?<\/p>\n<p>Vanglarendilepingus on punkt, mis \u00fctleb, et Rootsi h\u00fcvitab kulud, mis tekivad kinnipeetava ootamatul viibimisel Eestis as\u00fc\u00fclitaotluse v\u00f5i v\u00e4idetava kuriteo uurimise t\u00f5ttu.<\/p>\n","protected":false},"excerpt":{"rendered":"Rootsi vangid peaksid Tartu vanglasse j\u00f5udma hiljemalt kahe n\u00e4dala jooksul. Meie riigi esindajad on korduvalt kinnitanud, et kinnipeetavad&hellip;\n","protected":false},"author":2,"featured_media":253017,"comment_status":"","ping_status":"","sticky":false,"template":"","format":"standard","meta":{"footnotes":"","_share_on_mastodon":"0"},"categories":[5],"tags":[99199,99197,26,27,37,33,35,22956,34,36,31,32,21,99200,28,29,19,99198,2920,25,4262,72187,1039,889,18213,23,24,22,20,16128,20844,30],"class_list":["post-253016","post","type-post","status-publish","format-standard","has-post-thumbnail","category-uldised-uudised","tag-1967-aasta-protokoll","tag-asuuli-taotleda","tag-breaking-news","tag-breakingnews","tag-ee","tag-eesti","tag-eesti-keel","tag-eestis","tag-estonia","tag-estonian","tag-featured-news","tag-featurednews","tag-headlines","tag-katlyn-samra","tag-latest-news","tag-latestnews","tag-news","tag-pagulasseisundi-konventsioon","tag-politsei-ja-piirivalveamet","tag-populaarseimad-lood","tag-ppa","tag-rahvusvaheline-kaitse","tag-rahvusvaheline-oigus","tag-rootsi","tag-tartu-vangla","tag-top-stories","tag-topstories","tag-uldised-uudised","tag-uudised","tag-vanglarendileping","tag-vanglateenistus","tag-viimased-uudised"],"share_on_mastodon":{"url":"","error":"Validation failed: Text character limit of 500 exceeded"},"_links":{"self":[{"href":"https:\/\/www.europesays.com\/ee\/wp-json\/wp\/v2\/posts\/253016","targetHints":{"allow":["GET"]}}],"collection":[{"href":"https:\/\/www.europesays.com\/ee\/wp-json\/wp\/v2\/posts"}],"about":[{"href":"https:\/\/www.europesays.com\/ee\/wp-json\/wp\/v2\/types\/post"}],"author":[{"embeddable":true,"href":"https:\/\/www.europesays.com\/ee\/wp-json\/wp\/v2\/users\/2"}],"replies":[{"embeddable":true,"href":"https:\/\/www.europesays.com\/ee\/wp-json\/wp\/v2\/comments?post=253016"}],"version-history":[{"count":0,"href":"https:\/\/www.europesays.com\/ee\/wp-json\/wp\/v2\/posts\/253016\/revisions"}],"wp:featuredmedia":[{"embeddable":true,"href":"https:\/\/www.europesays.com\/ee\/wp-json\/wp\/v2\/media\/253017"}],"wp:attachment":[{"href":"https:\/\/www.europesays.com\/ee\/wp-json\/wp\/v2\/media?parent=253016"}],"wp:term":[{"taxonomy":"category","embeddable":true,"href":"https:\/\/www.europesays.com\/ee\/wp-json\/wp\/v2\/categories?post=253016"},{"taxonomy":"post_tag","embeddable":true,"href":"https:\/\/www.europesays.com\/ee\/wp-json\/wp\/v2\/tags?post=253016"}],"curies":[{"name":"wp","href":"https:\/\/api.w.org\/{rel}","templated":true}]}}