{"id":253046,"date":"2026-08-15T22:47:11","date_gmt":"2026-08-15T22:47:11","guid":{"rendered":"https:\/\/www.europesays.com\/ee\/253046\/"},"modified":"2026-08-15T22:47:11","modified_gmt":"2026-08-15T22:47:11","slug":"madridi-real-toi-lisajoudu-prantslasest-nba-mehe-naol","status":"publish","type":"post","link":"https:\/\/www.europesays.com\/ee\/253046\/","title":{"rendered":"Madridi Real t\u00f5i lisaj\u00f5udu prantslasest NBA-mehe n\u00e4ol"},"content":{"rendered":"<p>Real teatas laup\u00e4eval, et s\u00f5lmis Sarriga kaheaastase lepingu. 27-aastane keskm\u00e4ngija veetis viimased aastat suure lombi taga, kus m\u00e4ngis NBAs ja tolle t\u00fctarliigas G-liiga.<\/p>\n<p>T\u00e4navu m\u00e4rtsis s\u00f5lmis Sarr kahepoolse lepingu Cleveland Cavaliersiga, kuuludes enne Raptors 905 G-liiga meeskonda. Raptors 905 eest kogus ta 39 kohtumisega keskmiselt m\u00e4ngu kohta 11,2 punkti, 7,1 lauapalli, 1,6 korvis\u00f6\u00f6tu ja 1,3 viskeblokeeringut.<\/p>\n<p>Cavaliersi eest jooksis ta v\u00e4ljakule neljas p\u00f5hihooaja kohtumises. Sel perioodil j\u00e4i tema keskmiseks saldoks 3,5 punkti, 2,8 lauapalli ja 1,3 korvis\u00f6\u00f6tu, visates v\u00e4ljakult 71,4-protsendilise t\u00e4psusega.<\/p>\n<p>2021. aasta NBA draft&#8217;is valimata j\u00e4\u00e4nud Sarr m\u00e4ngis kokku NBAs 50 m\u00e4ngu. Varem esindas ta Oklahoma City Thunderit.<\/p>\n<p>Real on Sarride perekonnaga tuttav. Aastatel 2019\u201321 kuulus klubi akadeemiasse Olivieri noorem vend Alex Sarr, kes valiti 2024. aasta NBA draft&#8217;is teise mehena.<\/p>\n","protected":false},"excerpt":{"rendered":"Real teatas laup\u00e4eval, et s\u00f5lmis Sarriga kaheaastase lepingu. 27-aastane keskm\u00e4ngija veetis viimased aastat suure lombi taga, kus m\u00e4ngis&hellip;\n","protected":false},"author":2,"featured_media":253047,"comment_status":"","ping_status":"","sticky":false,"template":"","format":"standard","meta":{"footnotes":"","_share_on_mastodon":"0"},"categories":[18],"tags":[37,33,35,34,36,5263,3196,4391,99205,159,158],"class_list":["post-253046","post","type-post","status-publish","format-standard","has-post-thumbnail","category-sport","tag-ee","tag-eesti","tag-eesti-keel","tag-estonia","tag-estonian","tag-euroliiga","tag-madridi-real","tag-nba","tag-olivier-sarr","tag-sport","tag-sports"],"share_on_mastodon":{"url":"https:\/\/pubeurope.com\/@ee\/117101962379641124","error":""},"_links":{"self":[{"href":"https:\/\/www.europesays.com\/ee\/wp-json\/wp\/v2\/posts\/253046","targetHints":{"allow":["GET"]}}],"collection":[{"href":"https:\/\/www.europesays.com\/ee\/wp-json\/wp\/v2\/posts"}],"about":[{"href":"https:\/\/www.europesays.com\/ee\/wp-json\/wp\/v2\/types\/post"}],"author":[{"embeddable":true,"href":"https:\/\/www.europesays.com\/ee\/wp-json\/wp\/v2\/users\/2"}],"replies":[{"embeddable":true,"href":"https:\/\/www.europesays.com\/ee\/wp-json\/wp\/v2\/comments?post=253046"}],"version-history":[{"count":0,"href":"https:\/\/www.europesays.com\/ee\/wp-json\/wp\/v2\/posts\/253046\/revisions"}],"wp:featuredmedia":[{"embeddable":true,"href":"https:\/\/www.europesays.com\/ee\/wp-json\/wp\/v2\/media\/253047"}],"wp:attachment":[{"href":"https:\/\/www.europesays.com\/ee\/wp-json\/wp\/v2\/media?parent=253046"}],"wp:term":[{"taxonomy":"category","embeddable":true,"href":"https:\/\/www.europesays.com\/ee\/wp-json\/wp\/v2\/categories?post=253046"},{"taxonomy":"post_tag","embeddable":true,"href":"https:\/\/www.europesays.com\/ee\/wp-json\/wp\/v2\/tags?post=253046"}],"curies":[{"name":"wp","href":"https:\/\/api.w.org\/{rel}","templated":true}]}}