{"id":253098,"date":"2026-08-16T05:09:16","date_gmt":"2026-08-16T05:09:16","guid":{"rendered":"https:\/\/www.europesays.com\/ee\/253098\/"},"modified":"2026-08-16T05:09:16","modified_gmt":"2026-08-16T05:09:16","slug":"moskva-hoiatab-usa-d-ja-turgit-relvatarnete-eest-ukrainale","status":"publish","type":"post","link":"https:\/\/www.europesays.com\/ee\/253098\/","title":{"rendered":"Moskva hoiatab USA-d ja T\u00fcrgit relvatarnete eest Ukrainale"},"content":{"rendered":"<p><a rel=\"noopener nofollow\" target=\"_blank\" href=\"https:\/\/www.delfi.ee\/teema\/3\/venemaa\" tag-id=\"3\">Venemaa<\/a> v\u00e4lisministeerium teatas laup\u00e4eval, et p\u00f6\u00f6rdus Washingtoni ja <a rel=\"noopener nofollow\" target=\"_blank\" href=\"https:\/\/www.delfi.ee\/teema\/57255938\/ankara\" tag-id=\"57255938\">Ankara<\/a> poole T\u00fcrgist Ukrainasse kavandatava relvasaadetise p\u00e4rast ning hoiatas suhete kahjustumise eest.<\/p>\n<p><a rel=\"dofollow noopener\" target=\"_blank\" href=\"https:\/\/kyivindependent.com\/russia-threatens-serious-damage-to-relations-with-us-turkey-over-weapons-shipment-to-ukraine\/\" data-rel-date-range=\"[]\">Kyiv Independenti<\/a> teatel \u00fctles Venemaa v\u00e4lisministeeriumi pressiesindaja <a rel=\"noopener nofollow\" target=\"_blank\" href=\"https:\/\/www.delfi.ee\/teema\/73172067\/maria-zahharova\" tag-id=\"73172067\">Maria Zahharova<\/a>, et Moskva k\u00fcsis m\u00f5lemalt valitsuselt selgitusi. N\u00e4dala eest selgus <a rel=\"noopener nofollow\" target=\"_blank\" href=\"https:\/\/www.delfi.ee\/teema\/22971743\/usa\" tag-id=\"22971743\">USA<\/a> kongressi dokumentidest T\u00fcrgi plaan m\u00fc\u00fca Kiievile edasi suur kogus Ameerika p\u00e4ritolu relvi, sealhulgas 70 ATACMS pikamaaraketti.<\/p>\n<p>Zahharova \u00fctles ajakirjanikele, et selliste relvade tarnimine p\u00f5hjustaks \u201et\u00f5sist kahju meie kahepoolsetele suhetele Washingtoni ja Ankaraga\u201c. Ta hoiatas, et relvad tekitaksid \u201emitmetahulist kahju\u201c nii sihtm\u00e4rkidele Venemaal kui ka Moskva usaldusele USA ja T\u00fcrgi vastu.<\/p>\n<p>Kongressi dokumentide j\u00e4rgi soovib T\u00fcrgi loobuda vanematest relvas\u00fcsteemidest, kuna l\u00e4heb \u00fcle uuematele mudelitele. Lisaks 70 M39 ATACMS-raketile sisaldab Ukrainale m\u00f5eldud pakett 12 M270 mitmikraketiheitjat, \u00fcle 2000 kassettmoona \u00fchiku ja 47 000 haubitsam\u00fcrsku.<\/p>\n<p>Venemaa v\u00e4lisministeeriumi hinnangul \u00f5\u00f5nestab relvade saatmine Ukrainale USA ja T\u00fcrgi katseid tegutseda Kiievi ja Moskva vahel vahendajatena. \u201eKatsed kasutada rahu edendavat retoorikat, tarnides samal ajal relvi Ukrainale, \u00f5\u00f5nestavad paratamatult vastastikust usaldust, eriti arvestades T\u00fcrgi ametnike korduvaid kinnitusi, et T\u00fcrgi v\u00e4ldib Kiievile &#8220;surmavate&#8221; tarnete tegemist,\u201c \u00fctles Zahharova. \u201eOlukorda ei ole hilja kainelt hinnata.\u201c<\/p>\n<p>NATO liige T\u00fcrgi on hoidnud Moskvaga tihedaid majanduslikke ja poliitilisi suhteid, kuid on samal ajal andnud relvi Kiievile. T\u00fcrgi aitas 2022. aastal ellu viia Musta mere teraviljaalgatust ning on v\u00f5\u00f5rustanud USA, Ukraina ja Venemaa kolmepoolseid k\u00f5nelusi, mis ei ole viinud relvarahu ega laiema kokkuleppeni. USA president Donald Trump on teise ametiaja algusest v\u00e4hendanud Kiievi s\u00f5jalist toetamist ning Washington on l\u00f5petanud suuremahulise kaitserahastuse ja USA s\u00f5jalise abi tarned Ukrainale.<\/p>\n<p>Kuidas see lugu Sind end tundma pani?Saada<a href=\"https:\/\/www.delfi.ee\/artikkel\/120604031\/moskva-hoiatab-usa-d-ja-turgit-relvatarnete-eest-ukrainale\/kommentaarid\" class=\"button button--primary button--size-auto article-body-bottom__comment article-body-bottom__comment--write\" style=\"\" rel=\"nofollow noopener\" target=\"_blank\">Kommenteeri<\/a><a href=\"https:\/\/www.delfi.ee\/artikkel\/120604031\/moskva-hoiatab-usa-d-ja-turgit-relvatarnete-eest-ukrainale\/kommentaarid\" class=\"button button--size-auto article-body-bottom__comment article-body-bottom__comment--read\" style=\"\" rel=\"nofollow noopener\" target=\"_blank\">Loe kommentaare (4)<\/a><\/p>\n","protected":false},"excerpt":{"rendered":"Venemaa v\u00e4lisministeerium teatas laup\u00e4eval, et p\u00f6\u00f6rdus Washingtoni ja Ankara poole T\u00fcrgist Ukrainasse kavandatava relvasaadetise p\u00e4rast ning hoiatas suhete&hellip;\n","protected":false},"author":2,"featured_media":253099,"comment_status":"","ping_status":"","sticky":false,"template":"","format":"standard","meta":{"footnotes":"","_share_on_mastodon":"0"},"categories":[80],"tags":[7529,26,27,37,33,35,34,36,31,32,21,28,29,95,14161,19,25,107,23,24,329,124,22,325,20,96,30,92,93,94],"class_list":["post-253098","post","type-post","status-publish","format-standard","has-post-thumbnail","category-maailm","tag-ankara","tag-breaking-news","tag-breakingnews","tag-ee","tag-eesti","tag-eesti-keel","tag-estonia","tag-estonian","tag-featured-news","tag-featurednews","tag-headlines","tag-latest-news","tag-latestnews","tag-maailm","tag-maria-zahharova","tag-news","tag-populaarseimad-lood","tag-soda-ukrainas","tag-top-stories","tag-topstories","tag-turgi","tag-ukraina-soda","tag-uldised-uudised","tag-usa","tag-uudised","tag-venemaa","tag-viimased-uudised","tag-world","tag-world-news","tag-worldnews"],"share_on_mastodon":{"url":"https:\/\/pubeurope.com\/@ee\/117103464589532709","error":""},"_links":{"self":[{"href":"https:\/\/www.europesays.com\/ee\/wp-json\/wp\/v2\/posts\/253098","targetHints":{"allow":["GET"]}}],"collection":[{"href":"https:\/\/www.europesays.com\/ee\/wp-json\/wp\/v2\/posts"}],"about":[{"href":"https:\/\/www.europesays.com\/ee\/wp-json\/wp\/v2\/types\/post"}],"author":[{"embeddable":true,"href":"https:\/\/www.europesays.com\/ee\/wp-json\/wp\/v2\/users\/2"}],"replies":[{"embeddable":true,"href":"https:\/\/www.europesays.com\/ee\/wp-json\/wp\/v2\/comments?post=253098"}],"version-history":[{"count":0,"href":"https:\/\/www.europesays.com\/ee\/wp-json\/wp\/v2\/posts\/253098\/revisions"}],"wp:featuredmedia":[{"embeddable":true,"href":"https:\/\/www.europesays.com\/ee\/wp-json\/wp\/v2\/media\/253099"}],"wp:attachment":[{"href":"https:\/\/www.europesays.com\/ee\/wp-json\/wp\/v2\/media?parent=253098"}],"wp:term":[{"taxonomy":"category","embeddable":true,"href":"https:\/\/www.europesays.com\/ee\/wp-json\/wp\/v2\/categories?post=253098"},{"taxonomy":"post_tag","embeddable":true,"href":"https:\/\/www.europesays.com\/ee\/wp-json\/wp\/v2\/tags?post=253098"}],"curies":[{"name":"wp","href":"https:\/\/api.w.org\/{rel}","templated":true}]}}