{"id":253100,"date":"2026-08-16T05:10:46","date_gmt":"2026-08-16T05:10:46","guid":{"rendered":"https:\/\/www.europesays.com\/ee\/253100\/"},"modified":"2026-08-16T05:10:46","modified_gmt":"2026-08-16T05:10:46","slug":"maakonnas-elab-pea-50-000-eestlast-aga-ka-naiteks-uks-eskimo","status":"publish","type":"post","link":"https:\/\/www.europesays.com\/ee\/253100\/","title":{"rendered":"Maakonnas elab pea 50 000 eestlast, aga ka n\u00e4iteks \u00fcks eskimo"},"content":{"rendered":"<p>Ameti vast avaldatud statistika j\u00e4rgi elas 2026. aasta alguse seisuga Eestis 1 360 745 inimest. Neist 932 603 ehk 68,5 protsenti olid rahvuselt eestlased, 276 125 ehk 20,2 protsenti venelased ja 146 619 ehk 10,8 protsenti m\u00f5nest teisest rahvusest. V\u00f5rreldes 2021. aasta rahvaloendusega on Eestis esindatud rahvuste arv kasvanud 23 v\u00f5rra. Enamikku uutest rahvustest esindab Eestis vaid \u00fcks v\u00f5i kaks inimest.<\/p>\n","protected":false},"excerpt":{"rendered":"Ameti vast avaldatud statistika j\u00e4rgi elas 2026. aasta alguse seisuga Eestis 1 360 745 inimest. Neist 932 603&hellip;\n","protected":false},"author":2,"featured_media":253101,"comment_status":"","ping_status":"","sticky":false,"template":"","format":"standard","meta":{"footnotes":"","_share_on_mastodon":"0"},"categories":[12],"tags":[26,27,37,33,35,34,36,31,32,21,99223,99219,99221,28,29,19,25,9403,99220,99222,2559,23,24,9569,22,20,12550,30],"class_list":["post-253100","post","type-post","status-publish","format-standard","has-post-thumbnail","category-eesti","tag-breaking-news","tag-breakingnews","tag-ee","tag-eesti","tag-eesti-keel","tag-estonia","tag-estonian","tag-featured-news","tag-featurednews","tag-headlines","tag-kodakondsuseta-isikud","tag-laane-viru-rahvaarv","tag-laane-virumaal","tag-latest-news","tag-latestnews","tag-news","tag-populaarseimad-lood","tag-rahvastikuregister","tag-rahvuselt-eestlased","tag-rahvuste-arv","tag-statistikaamet","tag-top-stories","tag-topstories","tag-ukrainlased","tag-uldised-uudised","tag-uudised","tag-venelased","tag-viimased-uudised"],"share_on_mastodon":{"url":"https:\/\/pubeurope.com\/@ee\/117103468646970891","error":""},"_links":{"self":[{"href":"https:\/\/www.europesays.com\/ee\/wp-json\/wp\/v2\/posts\/253100","targetHints":{"allow":["GET"]}}],"collection":[{"href":"https:\/\/www.europesays.com\/ee\/wp-json\/wp\/v2\/posts"}],"about":[{"href":"https:\/\/www.europesays.com\/ee\/wp-json\/wp\/v2\/types\/post"}],"author":[{"embeddable":true,"href":"https:\/\/www.europesays.com\/ee\/wp-json\/wp\/v2\/users\/2"}],"replies":[{"embeddable":true,"href":"https:\/\/www.europesays.com\/ee\/wp-json\/wp\/v2\/comments?post=253100"}],"version-history":[{"count":0,"href":"https:\/\/www.europesays.com\/ee\/wp-json\/wp\/v2\/posts\/253100\/revisions"}],"wp:featuredmedia":[{"embeddable":true,"href":"https:\/\/www.europesays.com\/ee\/wp-json\/wp\/v2\/media\/253101"}],"wp:attachment":[{"href":"https:\/\/www.europesays.com\/ee\/wp-json\/wp\/v2\/media?parent=253100"}],"wp:term":[{"taxonomy":"category","embeddable":true,"href":"https:\/\/www.europesays.com\/ee\/wp-json\/wp\/v2\/categories?post=253100"},{"taxonomy":"post_tag","embeddable":true,"href":"https:\/\/www.europesays.com\/ee\/wp-json\/wp\/v2\/tags?post=253100"}],"curies":[{"name":"wp","href":"https:\/\/api.w.org\/{rel}","templated":true}]}}