{"id":253160,"date":"2026-08-16T06:27:08","date_gmt":"2026-08-16T06:27:08","guid":{"rendered":"https:\/\/www.europesays.com\/ee\/253160\/"},"modified":"2026-08-16T06:27:08","modified_gmt":"2026-08-16T06:27:08","slug":"nadalapersoon-%e2%9f%a9-asso-kommer-laheks-patareisse-tagasi-tahaks-teada-kas-istusin-samas-kambris-kus-tuglas-2","status":"publish","type":"post","link":"https:\/\/www.europesays.com\/ee\/253160\/","title":{"rendered":"N\u00c4DALAPERSOON \u27e9 Asso Kommer l\u00e4heks Patareisse tagasi: &#8220;Tahaks teada, kas istusin samas kambris, kus Tuglas?&#8221;"},"content":{"rendered":"<p>Hiljuti 60seks saanud p\u00e4rnakas Asso Kommer ei m\u00f5ju ei legendi ega kangelasena, ta r\u00e4\u00e4gib nagu skaut \u2013 lihtsalt ja otse, sekka mahlakaid \u00fctlemisi. Mitu aastat kinnimajas istunud Kommer \u00fctleb tagantj\u00e4rele, et vangi ja vangivalvurit eristab vaid see, et \u00fcks k\u00e4ib kodus magamas. Tema kirevat eluteed on saatnud j\u00e4\u00e4grikompanii iseseisvuse taastamise j\u00e4rel skaudilaagrid ning t\u00f6\u00f6 erivajadustega inimeste ja puiduga. Kommeri s\u00f5nul on see k\u00f5ik \u00fcks tervik: &#8220;Kui \u00fche t\u00fcki v\u00e4lja v\u00f5tad, ei l\u00e4he pilt enam kokku.&#8221;<\/p>\n","protected":false},"excerpt":{"rendered":"Hiljuti 60seks saanud p\u00e4rnakas Asso Kommer ei m\u00f5ju ei legendi ega kangelasena, ta r\u00e4\u00e4gib nagu skaut \u2013 lihtsalt&hellip;\n","protected":false},"author":2,"featured_media":253161,"comment_status":"","ping_status":"","sticky":false,"template":"","format":"standard","meta":{"footnotes":"","_share_on_mastodon":"0"},"categories":[12],"tags":[3131,99243,26,27,37,33,35,14469,20792,34,36,31,32,21,8168,28,29,19,39327,99239,1421,72065,25,99238,99241,4624,99242,99240,23,24,22,20,1929,21239,30],"class_list":["post-253160","post","type-post","status-publish","format-standard","has-post-thumbnail","category-eesti","tag-afganistani-soda","tag-amanita","tag-breaking-news","tag-breakingnews","tag-ee","tag-eesti","tag-eesti-keel","tag-erasmus","tag-erivajadustega-inimesed","tag-estonia","tag-estonian","tag-featured-news","tag-featurednews","tag-headlines","tag-kaitseliit","tag-latest-news","tag-latestnews","tag-news","tag-noorsootoo","tag-noukogude-armee","tag-parnu","tag-patarei-vangla","tag-populaarseimad-lood","tag-pullapaa-sundmused","tag-puutookoda","tag-riigikaitse","tag-skaudid","tag-skaudiliikumine","tag-top-stories","tag-topstories","tag-uldised-uudised","tag-uudised","tag-vene-ukraina-soda","tag-vihakone","tag-viimased-uudised"],"share_on_mastodon":{"url":"","error":"Validation failed: Text character limit of 500 exceeded"},"_links":{"self":[{"href":"https:\/\/www.europesays.com\/ee\/wp-json\/wp\/v2\/posts\/253160","targetHints":{"allow":["GET"]}}],"collection":[{"href":"https:\/\/www.europesays.com\/ee\/wp-json\/wp\/v2\/posts"}],"about":[{"href":"https:\/\/www.europesays.com\/ee\/wp-json\/wp\/v2\/types\/post"}],"author":[{"embeddable":true,"href":"https:\/\/www.europesays.com\/ee\/wp-json\/wp\/v2\/users\/2"}],"replies":[{"embeddable":true,"href":"https:\/\/www.europesays.com\/ee\/wp-json\/wp\/v2\/comments?post=253160"}],"version-history":[{"count":0,"href":"https:\/\/www.europesays.com\/ee\/wp-json\/wp\/v2\/posts\/253160\/revisions"}],"wp:featuredmedia":[{"embeddable":true,"href":"https:\/\/www.europesays.com\/ee\/wp-json\/wp\/v2\/media\/253161"}],"wp:attachment":[{"href":"https:\/\/www.europesays.com\/ee\/wp-json\/wp\/v2\/media?parent=253160"}],"wp:term":[{"taxonomy":"category","embeddable":true,"href":"https:\/\/www.europesays.com\/ee\/wp-json\/wp\/v2\/categories?post=253160"},{"taxonomy":"post_tag","embeddable":true,"href":"https:\/\/www.europesays.com\/ee\/wp-json\/wp\/v2\/tags?post=253160"}],"curies":[{"name":"wp","href":"https:\/\/api.w.org\/{rel}","templated":true}]}}