{"id":253362,"date":"2026-08-16T11:35:28","date_gmt":"2026-08-16T11:35:28","guid":{"rendered":"https:\/\/www.europesays.com\/ee\/253362\/"},"modified":"2026-08-16T11:35:28","modified_gmt":"2026-08-16T11:35:28","slug":"viljandi-lossimagedes-ei-purustata-seekord-telliseid-vaid-lihvitakse-karate-tehnikat","status":"publish","type":"post","link":"https:\/\/www.europesays.com\/ee\/253362\/","title":{"rendered":"Viljandi lossim\u00e4gedes ei purustata seekord telliseid, vaid lihvitakse karate tehnikat"},"content":{"rendered":"<p>Viljandi-poolne laagri korraldaja ja ala entusiast Valdo Ots \u00fctles, et tegemist on Jaapani Shotokan Karate Assotsiatsiooni Eesti (JSKA Eesti) traditsioonilise laagriga, mis toimub Viljandis juba aastaid. Seekord on kohal \u00fcle paarik\u00fcmne harrastaja. Osalejaid on Viljandi, Tartu ja P\u00e4rnu klubidest. Treeningutes v\u00f5etakse l\u00e4bi traditsioonilise karate p\u00f5hialad ning lisaks praktilisele t\u00f6\u00f6le on kavas olnud ka teoreetiline loeng, kus r\u00e4\u00e4giti karate olemusest.<\/p>\n","protected":false},"excerpt":{"rendered":"Viljandi-poolne laagri korraldaja ja ala entusiast Valdo Ots \u00fctles, et tegemist on Jaapani Shotokan Karate Assotsiatsiooni Eesti (JSKA&hellip;\n","protected":false},"author":2,"featured_media":253363,"comment_status":"","ping_status":"","sticky":false,"template":"","format":"standard","meta":{"footnotes":"","_share_on_mastodon":"0"},"categories":[12],"tags":[622,26,27,37,33,35,34,36,31,32,1780,21,1781,28,29,1778,1773,19,1774,25,1771,1779,23,24,196,22,20,30,986,1782,1776,1777,1775,1772,1784,1785,1783,598],"class_list":["post-253362","post","type-post","status-publish","format-standard","has-post-thumbnail","category-eesti","tag-ajakirjandus","tag-breaking-news","tag-breakingnews","tag-ee","tag-eesti","tag-eesti-keel","tag-estonia","tag-estonian","tag-featured-news","tag-featurednews","tag-folk","tag-headlines","tag-kultuuriakadeemia","tag-latest-news","tag-latestnews","tag-mulgi-vald","tag-mulgimaa","tag-news","tag-pohja-sakala","tag-populaarseimad-lood","tag-sakala","tag-soomaa","tag-top-stories","tag-topstories","tag-ugala","tag-uldised-uudised","tag-uudised","tag-viimased-uudised","tag-viljandi","tag-viljandi-haigla","tag-viljandi-linn","tag-viljandi-uudised","tag-viljandi-vald","tag-viljandimaa","tag-viljandimaa-ettevotlus","tag-viljandimaa-sundmused","tag-viljandimaa-uudised","tag-vortsjarv"],"share_on_mastodon":{"url":"","error":"Validation failed: Text character limit of 500 exceeded"},"_links":{"self":[{"href":"https:\/\/www.europesays.com\/ee\/wp-json\/wp\/v2\/posts\/253362","targetHints":{"allow":["GET"]}}],"collection":[{"href":"https:\/\/www.europesays.com\/ee\/wp-json\/wp\/v2\/posts"}],"about":[{"href":"https:\/\/www.europesays.com\/ee\/wp-json\/wp\/v2\/types\/post"}],"author":[{"embeddable":true,"href":"https:\/\/www.europesays.com\/ee\/wp-json\/wp\/v2\/users\/2"}],"replies":[{"embeddable":true,"href":"https:\/\/www.europesays.com\/ee\/wp-json\/wp\/v2\/comments?post=253362"}],"version-history":[{"count":0,"href":"https:\/\/www.europesays.com\/ee\/wp-json\/wp\/v2\/posts\/253362\/revisions"}],"wp:featuredmedia":[{"embeddable":true,"href":"https:\/\/www.europesays.com\/ee\/wp-json\/wp\/v2\/media\/253363"}],"wp:attachment":[{"href":"https:\/\/www.europesays.com\/ee\/wp-json\/wp\/v2\/media?parent=253362"}],"wp:term":[{"taxonomy":"category","embeddable":true,"href":"https:\/\/www.europesays.com\/ee\/wp-json\/wp\/v2\/categories?post=253362"},{"taxonomy":"post_tag","embeddable":true,"href":"https:\/\/www.europesays.com\/ee\/wp-json\/wp\/v2\/tags?post=253362"}],"curies":[{"name":"wp","href":"https:\/\/api.w.org\/{rel}","templated":true}]}}