{"id":253380,"date":"2026-08-16T12:16:12","date_gmt":"2026-08-16T12:16:12","guid":{"rendered":"https:\/\/www.europesays.com\/ee\/253380\/"},"modified":"2026-08-16T12:16:12","modified_gmt":"2026-08-16T12:16:12","slug":"kas-sami-pajari-voib-tanavu-voita-ralli-mm-tiitli-jari-matti-latvala-teab-vastust","status":"publish","type":"post","link":"https:\/\/www.europesays.com\/ee\/253380\/","title":{"rendered":"Kas Sami Pajari v\u00f5ib t\u00e4navu v\u00f5ita ralli MM-tiitli? Jari-Matti Latvala teab vastust"},"content":{"rendered":"<p>24-aastane Soome rallis\u00f5itja Sami Pajari (Toyota) on sel hooajal teinud l\u00e4bi lausa uskumatu tasemet\u00f5usu. Neli etappi enne WRC-hooaja l\u00f5ppu on ta t\u00f5usnud punktitabelis teisele kohale ning pole sugugi v\u00e4listatud sarja liidri Elfyn Evansi kimbutamine. Toyota tiimipealik Jari-Matti Latvala tunnustab Pajarit, kuid kas kaasmaalane v\u00f5iks tulla juba t\u00e4navu maailmameistriks?<\/p>\n","protected":false},"excerpt":{"rendered":"24-aastane Soome rallis\u00f5itja Sami Pajari (Toyota) on sel hooajal teinud l\u00e4bi lausa uskumatu tasemet\u00f5usu. Neli etappi enne WRC-hooaja&hellip;\n","protected":false},"author":2,"featured_media":253381,"comment_status":"","ping_status":"","sticky":false,"template":"","format":"standard","meta":{"footnotes":"","_share_on_mastodon":"0"},"categories":[18],"tags":[37,33,35,34,36,6863,159,158],"class_list":["post-253380","post","type-post","status-publish","format-standard","has-post-thumbnail","category-sport","tag-ee","tag-eesti","tag-eesti-keel","tag-estonia","tag-estonian","tag-sami-pajari","tag-sport","tag-sports"],"share_on_mastodon":{"url":"https:\/\/pubeurope.com\/@ee\/117105143753689088","error":""},"_links":{"self":[{"href":"https:\/\/www.europesays.com\/ee\/wp-json\/wp\/v2\/posts\/253380","targetHints":{"allow":["GET"]}}],"collection":[{"href":"https:\/\/www.europesays.com\/ee\/wp-json\/wp\/v2\/posts"}],"about":[{"href":"https:\/\/www.europesays.com\/ee\/wp-json\/wp\/v2\/types\/post"}],"author":[{"embeddable":true,"href":"https:\/\/www.europesays.com\/ee\/wp-json\/wp\/v2\/users\/2"}],"replies":[{"embeddable":true,"href":"https:\/\/www.europesays.com\/ee\/wp-json\/wp\/v2\/comments?post=253380"}],"version-history":[{"count":0,"href":"https:\/\/www.europesays.com\/ee\/wp-json\/wp\/v2\/posts\/253380\/revisions"}],"wp:featuredmedia":[{"embeddable":true,"href":"https:\/\/www.europesays.com\/ee\/wp-json\/wp\/v2\/media\/253381"}],"wp:attachment":[{"href":"https:\/\/www.europesays.com\/ee\/wp-json\/wp\/v2\/media?parent=253380"}],"wp:term":[{"taxonomy":"category","embeddable":true,"href":"https:\/\/www.europesays.com\/ee\/wp-json\/wp\/v2\/categories?post=253380"},{"taxonomy":"post_tag","embeddable":true,"href":"https:\/\/www.europesays.com\/ee\/wp-json\/wp\/v2\/tags?post=253380"}],"curies":[{"name":"wp","href":"https:\/\/api.w.org\/{rel}","templated":true}]}}