{"id":253412,"date":"2026-08-16T13:11:09","date_gmt":"2026-08-16T13:11:09","guid":{"rendered":"https:\/\/www.europesays.com\/ee\/253412\/"},"modified":"2026-08-16T13:11:09","modified_gmt":"2026-08-16T13:11:09","slug":"muncheni-bayerni-mangija-musiala-varises-palavuse-kaes-keset-kohtumist-kokku","status":"publish","type":"post","link":"https:\/\/www.europesays.com\/ee\/253412\/","title":{"rendered":"M\u00fcncheni Bayerni m\u00e4ngija Musiala varises palavuse k\u00e4es keset kohtumist kokku"},"content":{"rendered":"<p>Laup\u00e4evase kohtumise 83. minutil varises Musiala, kes 69. minutil m\u00e4ngu sekkus ning 81. minutil 3:1 v\u00e4rava l\u00f5i, v\u00e4ljakule pikali. Teda jooksis esimesena abistama tiimikaaslane Ismael Saibari, peagi olid ka meedikud kohal 23-aastast m\u00e4ngijat tohterdamas.<\/p>\n<p>Peagi sai m\u00e4ngumees tohtrite abil p\u00fcsti ning v\u00e4ljakult lahkus ta omal jalal. Saksamaa v\u00e4ljaanne Bild kirjutas, et t\u00f5en\u00e4oliselt oli tervisemure p\u00f5hjuseks ilm. M\u00e4ngu ajal oli Allianz Arenal 33 kraadi sooja.<\/p>\n<p>Bayerni spordidirektor Max Eberl andis mat\u0161i j\u00e4rel m\u00f5ista, et Musiala on terve. \u201eTa tunneb end h\u00e4sti, see on k\u00f5ige olulisem,\u201c vahendas Bild sakslase s\u00f5nu.<\/p>\n<p>M\u00fcncheni klubi v\u00f5itis k\u00f5nealuse mat\u0161i 3:1. Bayern peab uue hooaja esimese ametliku m\u00e4ngu 22. augustil, kui Saksamaa superkarikafinaalis minnakse vastamisi Dortmundi Borussiaga.<\/p>\n<p>Kuidas see lugu Sind end tundma pani?Saada<a href=\"https:\/\/sport.delfi.ee\/artikkel\/120604090\/muncheni-bayerni-mangija-musiala-varises-palavuse-kaes-keset-kohtumist-kokku\/kommentaarid\" class=\"button button--primary button--size-auto article-body-bottom__comment article-body-bottom__comment--write\" style=\"\" rel=\"nofollow noopener\" target=\"_blank\">Kommenteeri<\/a><a href=\"https:\/\/sport.delfi.ee\/artikkel\/120604090\/muncheni-bayerni-mangija-musiala-varises-palavuse-kaes-keset-kohtumist-kokku\/kommentaarid\" class=\"button button--size-auto article-body-bottom__comment article-body-bottom__comment--read\" style=\"\" rel=\"nofollow noopener\" target=\"_blank\">Loe kommentaare (2)<\/a><\/p>\n","protected":false},"excerpt":{"rendered":"Laup\u00e4evase kohtumise 83. minutil varises Musiala, kes 69. minutil m\u00e4ngu sekkus ning 81. minutil 3:1 v\u00e4rava l\u00f5i, v\u00e4ljakule&hellip;\n","protected":false},"author":2,"featured_media":253413,"comment_status":"","ping_status":"","sticky":false,"template":"","format":"standard","meta":{"footnotes":"","_share_on_mastodon":"0"},"categories":[18],"tags":[37,33,35,34,36,53482,538,1161,159,158],"class_list":["post-253412","post","type-post","status-publish","format-standard","has-post-thumbnail","category-sport","tag-ee","tag-eesti","tag-eesti-keel","tag-estonia","tag-estonian","tag-jamal-musiala","tag-muncheni-bayern","tag-rb-leipzig","tag-sport","tag-sports"],"share_on_mastodon":{"url":"https:\/\/pubeurope.com\/@ee\/117105359932285955","error":""},"_links":{"self":[{"href":"https:\/\/www.europesays.com\/ee\/wp-json\/wp\/v2\/posts\/253412","targetHints":{"allow":["GET"]}}],"collection":[{"href":"https:\/\/www.europesays.com\/ee\/wp-json\/wp\/v2\/posts"}],"about":[{"href":"https:\/\/www.europesays.com\/ee\/wp-json\/wp\/v2\/types\/post"}],"author":[{"embeddable":true,"href":"https:\/\/www.europesays.com\/ee\/wp-json\/wp\/v2\/users\/2"}],"replies":[{"embeddable":true,"href":"https:\/\/www.europesays.com\/ee\/wp-json\/wp\/v2\/comments?post=253412"}],"version-history":[{"count":0,"href":"https:\/\/www.europesays.com\/ee\/wp-json\/wp\/v2\/posts\/253412\/revisions"}],"wp:featuredmedia":[{"embeddable":true,"href":"https:\/\/www.europesays.com\/ee\/wp-json\/wp\/v2\/media\/253413"}],"wp:attachment":[{"href":"https:\/\/www.europesays.com\/ee\/wp-json\/wp\/v2\/media?parent=253412"}],"wp:term":[{"taxonomy":"category","embeddable":true,"href":"https:\/\/www.europesays.com\/ee\/wp-json\/wp\/v2\/categories?post=253412"},{"taxonomy":"post_tag","embeddable":true,"href":"https:\/\/www.europesays.com\/ee\/wp-json\/wp\/v2\/tags?post=253412"}],"curies":[{"name":"wp","href":"https:\/\/api.w.org\/{rel}","templated":true}]}}