{"id":253432,"date":"2026-08-16T13:44:10","date_gmt":"2026-08-16T13:44:10","guid":{"rendered":"https:\/\/www.europesays.com\/ee\/253432\/"},"modified":"2026-08-16T13:44:10","modified_gmt":"2026-08-16T13:44:10","slug":"bayerni-staarmangija-kukkus-valjakul-kokku-soccernet-ee","status":"publish","type":"post","link":"https:\/\/www.europesays.com\/ee\/253432\/","title":{"rendered":"Bayerni staarm\u00e4ngija kukkus v\u00e4ljakul kokku &#8211; Soccernet.ee"},"content":{"rendered":"<p><img decoding=\"async\" src=\"https:\/\/www.europesays.com\/ee\/wp-content\/uploads\/2026\/08\/1786879083.jpg\" alt=\"Jamal Musiala kukkus v\u00e4ljakul kokku. Foto: Scanpix \/ Bernd Feil \/ IMAGO \/ MIS\"\/>&#13;\n<\/p>\n<p>M\u00fcncheni Bayerni staarm\u00e4ngija Jamal Musiala kukkus hooajaeelses kontrollm\u00e4ngus v\u00e4ljakul kokku.<\/p>\n<p>Bayern m\u00e4ngis kodusel Allianz Arenal liigarivaali Leipzigi vastu, kui Musiala sekkus 69. minutil vahetusest ja l\u00f5i 81. minutil v\u00f5\u00f5rustajad 3:1 juhtima, aga veidi hiljem vajus 23-aastane r\u00fcndem\u00e4ngija 33-kraadises kuumuses murule.&#13;\n<\/p>\n<p>Esimesena j\u00f5udis Musiala juurde meeskonnakaaslane Ismael Saibari ja seej\u00e4rel ka meditsiinipersonali liikmed, kes m\u00f5ned minutid hiljem andsid teada, et m\u00e4ngijaga on k\u00f5ik korras. Seda kinnitas p\u00e4rast kohtumist ka Bayerni spordidirektor Max Eberl. &#8220;Tal l\u00e4heb h\u00e4sti, see on k\u00f5ige t\u00e4htsam,&#8221; s\u00f5nas Eberl Bildile.\u00a0&#13;\n<\/p>\n<p>Omal j\u00f5ul v\u00e4ljakult lahkunud Musiala kurtis Saksamaa meedia teatel pearingluse \u00fcle, kuid Bayerni arstide esialgsed uuringud ei n\u00e4idanud midagi murettekitavat. Ta taastub m\u00f5ned p\u00e4evad ja j\u00e4tab ettevaatusabin\u00f5ul j\u00e4rgmised treeningud vahele.<\/p>\n<p>Bayern alustab uut hooaega 22. augustil, kui Saksamaa superkarikafinaalis minnakse vastamisi Dortmundi Borussiaga. Kuus p\u00e4eva hiljem v\u00f5\u00f5rustatakse Saksamaa k\u00f5rgliiga avavoorus Stuttgarti.\u00a0                         <\/p>\n","protected":false},"excerpt":{"rendered":"&#13; M\u00fcncheni Bayerni staarm\u00e4ngija Jamal Musiala kukkus hooajaeelses kontrollm\u00e4ngus v\u00e4ljakul kokku. Bayern m\u00e4ngis kodusel Allianz Arenal liigarivaali Leipzigi&hellip;\n","protected":false},"author":2,"featured_media":253433,"comment_status":"","ping_status":"","sticky":false,"template":"","format":"standard","meta":{"footnotes":"","_share_on_mastodon":"0"},"categories":[18],"tags":[525,37,33,35,34,36,53482,538,18049,51,159,158],"class_list":["post-253432","post","type-post","status-publish","format-standard","has-post-thumbnail","category-sport","tag-bayern","tag-ee","tag-eesti","tag-eesti-keel","tag-estonia","tag-estonian","tag-jamal-musiala","tag-muncheni-bayern","tag-musiala","tag-saksamaa","tag-sport","tag-sports"],"share_on_mastodon":{"url":"https:\/\/pubeurope.com\/@ee\/117105489971764460","error":""},"_links":{"self":[{"href":"https:\/\/www.europesays.com\/ee\/wp-json\/wp\/v2\/posts\/253432","targetHints":{"allow":["GET"]}}],"collection":[{"href":"https:\/\/www.europesays.com\/ee\/wp-json\/wp\/v2\/posts"}],"about":[{"href":"https:\/\/www.europesays.com\/ee\/wp-json\/wp\/v2\/types\/post"}],"author":[{"embeddable":true,"href":"https:\/\/www.europesays.com\/ee\/wp-json\/wp\/v2\/users\/2"}],"replies":[{"embeddable":true,"href":"https:\/\/www.europesays.com\/ee\/wp-json\/wp\/v2\/comments?post=253432"}],"version-history":[{"count":0,"href":"https:\/\/www.europesays.com\/ee\/wp-json\/wp\/v2\/posts\/253432\/revisions"}],"wp:featuredmedia":[{"embeddable":true,"href":"https:\/\/www.europesays.com\/ee\/wp-json\/wp\/v2\/media\/253433"}],"wp:attachment":[{"href":"https:\/\/www.europesays.com\/ee\/wp-json\/wp\/v2\/media?parent=253432"}],"wp:term":[{"taxonomy":"category","embeddable":true,"href":"https:\/\/www.europesays.com\/ee\/wp-json\/wp\/v2\/categories?post=253432"},{"taxonomy":"post_tag","embeddable":true,"href":"https:\/\/www.europesays.com\/ee\/wp-json\/wp\/v2\/tags?post=253432"}],"curies":[{"name":"wp","href":"https:\/\/api.w.org\/{rel}","templated":true}]}}