{"id":253452,"date":"2026-08-16T14:06:23","date_gmt":"2026-08-16T14:06:23","guid":{"rendered":"https:\/\/www.europesays.com\/ee\/253452\/"},"modified":"2026-08-16T14:06:23","modified_gmt":"2026-08-16T14:06:23","slug":"sunnipaeva-toost-vabaks-saanud-vassiljev-votsin-klubi-otsuse-vastu-rahuliku-sudamega-pelle-pohlak-jai-kidakeelseks-soccernet-ee-2","status":"publish","type":"post","link":"https:\/\/www.europesays.com\/ee\/253452\/","title":{"rendered":"S\u00fcnnip\u00e4eva t\u00f6\u00f6st vabaks saanud Vassiljev: v\u00f5tsin klubi otsuse vastu rahuliku s\u00fcdamega (Pelle Pohlak j\u00e4i kidakeelseks) &#8211; Soccernet.ee"},"content":{"rendered":"<p><img decoding=\"async\" src=\"https:\/\/www.europesays.com\/ee\/wp-content\/uploads\/2026\/08\/1786889183_831_1784321012.jpg\" alt=\"Konstantin Vassiljev. Foto: Anna Andreas\"\/>&#13;\n<\/p>\n<p>Homme oma 42. s\u00fcnnip\u00e4eva t\u00e4histav Konstantin Vassiljev r\u00e4\u00e4kis Soccernet.ee-le, et v\u00f5ttis Tallinna Flora otsuse koost\u00f6\u00f6 l\u00f5petada vastu rahuliku s\u00fcdamega.<\/p>\n<p>Vassiljev vedas mullu, oma esimesel peatreeneri-hooajal Flora Eesti meistriks. Praegu j\u00e4\u00e4b meeskond aga Premium liiga liidrist Tallinna Levadiast maha \u00fche v\u00e4hempeetud m\u00e4ngu juures 11 punktiga ning langes \u00fcleeile UEFA Konverentsiliiga kolmandas eelringis v\u00e4lja Andorra meistrilt saadud ootamatult suure, 0:4 kodukaotusega.&#13;\n<\/p>\n<p>&#8220;Mina sain info [klubi] otsusest eile p\u00e4eval. \u00d5htul oli meil koos juhtkonnaga koosolek, kus arutasime asju natuke pikemalt ja j\u00f5udsime sellele kokkuleppele,&#8221; \u00fctles Vassiljev.&#13;\n<\/p>\n<p>Mida t\u00f5i klubi koost\u00f6\u00f6 l\u00f5petamise peamiseks p\u00f5hjuseks? &#8220;Kui klubi tahab sellest t\u00e4psemalt r\u00e4\u00e4kida, siis nad v\u00f5ib-olla r\u00e4\u00e4givad ise. Aga ma arvan, et jalgpallitreeneritele saavad tavaliselt ikka saatuslikuks tulemused. Viimase aja tulemused ei olnud k\u00f5ige paremad. Kindlasti lootsime, et eurohooaeg l\u00e4heb natuke paremini. L\u00f5ppkokkuv\u00f5ttes oli see viimane kaotus arvatavasti otsuse vastuv\u00f5tmises \u00fclioluliseks faktoriks,&#8221; vastas \u00e4sjane peatreener.<\/p>\n<p>Kas tema enda hinnangul oli klubi otsus koost\u00f6\u00f6 l\u00f5petada \u00f5iglane? &#8220;Siin ei ole m\u00f5tet arutada, kas see on \u00f5iglane. Mina v\u00f5iksin leida enda positsiooni toetuseks mingeid faktoreid ja mingite asjade \u00fcle vaielda, aga kui klubi n\u00e4eb, et nii on parem, siis neil on t\u00e4ielik \u00f5igus nii otsustada. Ma enam-v\u00e4hem tean, kuidas jalgpallis asjad k\u00e4ivad, ja saan sellest otsusest aru. Meil oli eilsel koosolekul konstruktiivne jutt, saime \u00fcksteisest aru. V\u00f5tsin selle otsuse vastu rahuliku s\u00fcdamega. Nagu \u00fctlesin ka pressiteates, siis mul ei ole klubile midagi ette heita. T\u00e4nan neid terve perioodi eest nii m\u00e4ngija kui ka treenerina. Klubi v\u00f5ttis mingil m\u00e4\u00e4ral riski, kui andis mulle v\u00f5imaluse teha treenerikarj\u00e4\u00e4ris esimesi samme. L\u00f5ppkokkuv\u00f5ttes olid meil pooleteise aasta jooksul nii \u00f5nnestumised kui ka eba\u00f5nnestumised, mis k\u00e4ivad jalgpalliga kaasas. \u00dcritasin teha oma t\u00f6\u00f6d nii h\u00e4sti kui oskasin. Elu l\u00e4heb igal juhul edasi,&#8221; r\u00e4\u00e4kis Vassiljev.&#13;\n<\/p>\n<p>&#8220;L\u00f5ppkokkuv\u00f5ttes tulid pooleteise aasta jooksul meistritiitel ja karikav\u00f5it. Kindlasti oleksime tahtnud saada natuke rohkemat Euroopast, aga ei \u00f5nnestunud. Ma ei tunne, et tervet perioodi v\u00f5iks nimetada eba\u00f5nnestumiseks. T\u00e4nan k\u00f5iki m\u00e4ngijaid ja treeneritetiimi, k\u00f5iki inimesi, kes minuga igap\u00e4evaselt t\u00f6\u00f6tasid ja mind toetasid. Loodan, et see otsus tuleb klubile kasuks ja Flora j\u00f5uab sinna, kus tahab olla.&#8221;&#13;\n<\/p>\n<p>Tuleviku kohta \u00fctles Vassiljev, et peab k\u00f5igepealt Flora-perioodi natuke seedima ja anal\u00fc\u00fcsima, mis l\u00e4ks h\u00e4sti, mis mitte. &#8220;N\u00fc\u00fcd saan v\u00e4hemalt rahulikult planeerida homset s\u00fcnnip\u00e4eva! Varem oli plaanis m\u00e4ng, n\u00fc\u00fcd tekib vaba aeg pere\u00f5htu jaoks,&#8221; leidis ta asja juures positiivse k\u00fclje.&#13;\n<\/p>\n<p>Ta usub, et Floral on veel v\u00f5imalik t\u00e4navugi Eesti meistriks tulla, kuigi see s\u00f5ltub paljudest asjadest ja sellest, kui palju punkte kaotab liider Levadia.<\/p>\n<p>Flora spordidirektor Taavi Trasberg suunas Soccerneti klubipoolset kommentaari k\u00fcsima president Pelle Pohlakult. President j\u00e4i aga kidakeelseks.&#13;\n<\/p>\n<p>&#8220;Ma saan kinnitada, et initsiatiiv [koost\u00f6\u00f6 l\u00f5petamiseks] tuli klubi poolt, ja tahan t\u00e4nada Kostjat t\u00f6\u00f6 eest. Aga mul midagi rohkemat lisada v\u00f5i laiendada ei ole,&#8221; s\u00f5nas Pohlak.&#13;\n<\/p>\n<p>Uurimisele, kas ta pole siis n\u00f5us t\u00e4iendavatele k\u00fcsimustele vastama ning selgitama, et kui suurt rolli otsuse juures m\u00e4ngis just k\u00f5ige viimane kaotus, kostis Pohlak:\u00a0&#8220;Ma ei soovi jah kuidagi seda laiendada. Iga\u00fcks v\u00f5ib meediumis seda esitada v\u00f5i laiendada nii, nagu ise tahab.&#8221;&#13;\n<\/p>\n<p>Flora peatreeneri kohuset\u00e4itjaks m\u00e4\u00e4rati senine abitreener Karl M\u00f6\u00f6l. Uue p\u00fcsiva peatreeneri tahab Flora Pohlaku s\u00f5nul saada paika\u00a0&#8220;esimesel v\u00f5imalusel, aga kas see v\u00f5tab aega n\u00e4dala v\u00f5i kuu, seda ei julge lubada&#8221;.<\/p>\n","protected":false},"excerpt":{"rendered":"&#13; Homme oma 42. s\u00fcnnip\u00e4eva t\u00e4histav Konstantin Vassiljev r\u00e4\u00e4kis Soccernet.ee-le, et v\u00f5ttis Tallinna Flora otsuse koost\u00f6\u00f6 l\u00f5petada vastu&hellip;\n","protected":false},"author":2,"featured_media":253453,"comment_status":"","ping_status":"","sticky":false,"template":"","format":"standard","meta":{"footnotes":"","_share_on_mastodon":"0"},"categories":[18],"tags":[37,33,35,34,36,163,2823,33285,159,158,1465,3114],"class_list":["post-253452","post","type-post","status-publish","format-standard","has-post-thumbnail","category-sport","tag-ee","tag-eesti","tag-eesti-keel","tag-estonia","tag-estonian","tag-flora","tag-konstantin-vassiljev","tag-pelle-pohlak","tag-sport","tag-sports","tag-tallinna-fc-flora","tag-vassiljev"],"share_on_mastodon":{"url":"https:\/\/pubeurope.com\/@ee\/117105576515411914","error":""},"_links":{"self":[{"href":"https:\/\/www.europesays.com\/ee\/wp-json\/wp\/v2\/posts\/253452","targetHints":{"allow":["GET"]}}],"collection":[{"href":"https:\/\/www.europesays.com\/ee\/wp-json\/wp\/v2\/posts"}],"about":[{"href":"https:\/\/www.europesays.com\/ee\/wp-json\/wp\/v2\/types\/post"}],"author":[{"embeddable":true,"href":"https:\/\/www.europesays.com\/ee\/wp-json\/wp\/v2\/users\/2"}],"replies":[{"embeddable":true,"href":"https:\/\/www.europesays.com\/ee\/wp-json\/wp\/v2\/comments?post=253452"}],"version-history":[{"count":0,"href":"https:\/\/www.europesays.com\/ee\/wp-json\/wp\/v2\/posts\/253452\/revisions"}],"wp:featuredmedia":[{"embeddable":true,"href":"https:\/\/www.europesays.com\/ee\/wp-json\/wp\/v2\/media\/253453"}],"wp:attachment":[{"href":"https:\/\/www.europesays.com\/ee\/wp-json\/wp\/v2\/media?parent=253452"}],"wp:term":[{"taxonomy":"category","embeddable":true,"href":"https:\/\/www.europesays.com\/ee\/wp-json\/wp\/v2\/categories?post=253452"},{"taxonomy":"post_tag","embeddable":true,"href":"https:\/\/www.europesays.com\/ee\/wp-json\/wp\/v2\/tags?post=253452"}],"curies":[{"name":"wp","href":"https:\/\/api.w.org\/{rel}","templated":true}]}}