{"id":253464,"date":"2026-08-16T14:19:17","date_gmt":"2026-08-16T14:19:17","guid":{"rendered":"https:\/\/www.europesays.com\/ee\/253464\/"},"modified":"2026-08-16T14:19:17","modified_gmt":"2026-08-16T14:19:17","slug":"keila-basket-taiendas-meeskonda-usa-tagamangijaga","status":"publish","type":"post","link":"https:\/\/www.europesays.com\/ee\/253464\/","title":{"rendered":"Keila Basket t\u00e4iendas meeskonda USA tagam\u00e4ngijaga"},"content":{"rendered":"<p>Hooaegadel 2021-2025 m\u00e4ngis 25-aastane ameeriklane USA \u00fcli\u00f5pilasliigas <a rel=\"noopener nofollow\" target=\"_blank\" href=\"https:\/\/www.delfi.ee\/teema\/63164198\/ncaa\" tag-id=\"63164198\">NCAA<\/a>, kus esindas esimeses divisjonis m\u00e4ngivat La Salle Explorersit. Viimasel \u00fclikooliaastal kogus ta keskmiselt 10 punkti ja 4,3 lauapalli. <\/p>\n<p>195 sentimeetri pikkune pallur kirjeldab end mitmek\u00fclgse ja hea meeskonnam\u00e4ngijana, kes toob endaga kaasa energiat, v\u00f5istlusvaimu ja tugevat t\u00f6\u00f6eetikat.<\/p>\n<p>\u201ePean enda tugevuseks valmisolekut teha k\u00f5ike, mida meeskond v\u00f5itmiseks vajab, olgu selleks skoorimine, kaitsem\u00e4ng, m\u00e4ngu \u00fclesehitamine v\u00f5i energia toomine v\u00e4ljakul. Sellest hooajast ootan, et areneksin m\u00e4ngijana, \u00f5piksin oma meeskonnakaaslastelt ja treeneritelt ning aitaksin meeskonnal saavutada seatud eesm\u00e4rke. Olen valmis k\u00f5vasti t\u00f6\u00f6d tegema ja sellest v\u00f5imalusest maksimumi v\u00f5tma,\u201c m\u00e4rkis Shepherd sotsialmeedia vahendusel. <\/p>\n<p>Kuidas see lugu Sind end tundma pani?Saada<a href=\"https:\/\/sport.delfi.ee\/a\/120604104\/keila-basket-taiendas-meeskonda-usa-tagamangijaga\/kommentaarid\" class=\"button button--primary button--size-auto article-body-bottom__comment article-body-bottom__comment--write\" style=\"\" rel=\"nofollow noopener\" target=\"_blank\">Kommenteeri<\/a><a href=\"https:\/\/sport.delfi.ee\/a\/120604104\/keila-basket-taiendas-meeskonda-usa-tagamangijaga\/kommentaarid\" class=\"button button--size-auto article-body-bottom__comment article-body-bottom__comment--read\" style=\"\" rel=\"nofollow noopener\" target=\"_blank\">Loe kommentaare (1)<\/a><\/p>\n","protected":false},"excerpt":{"rendered":"Hooaegadel 2021-2025 m\u00e4ngis 25-aastane ameeriklane USA \u00fcli\u00f5pilasliigas NCAA, kus esindas esimeses divisjonis m\u00e4ngivat La Salle Explorersit. Viimasel \u00fclikooliaastal&hellip;\n","protected":false},"author":2,"featured_media":253465,"comment_status":"","ping_status":"","sticky":false,"template":"","format":"standard","meta":{"footnotes":"","_share_on_mastodon":"0"},"categories":[14],"tags":[131,130,37,33,35,34,36,12930],"class_list":["post-253464","post","type-post","status-publish","format-standard","has-post-thumbnail","category-ari","tag-ari","tag-business","tag-ee","tag-eesti","tag-eesti-keel","tag-estonia","tag-estonian","tag-ncaa"],"share_on_mastodon":{"url":"https:\/\/pubeurope.com\/@ee\/117105627282696725","error":""},"_links":{"self":[{"href":"https:\/\/www.europesays.com\/ee\/wp-json\/wp\/v2\/posts\/253464","targetHints":{"allow":["GET"]}}],"collection":[{"href":"https:\/\/www.europesays.com\/ee\/wp-json\/wp\/v2\/posts"}],"about":[{"href":"https:\/\/www.europesays.com\/ee\/wp-json\/wp\/v2\/types\/post"}],"author":[{"embeddable":true,"href":"https:\/\/www.europesays.com\/ee\/wp-json\/wp\/v2\/users\/2"}],"replies":[{"embeddable":true,"href":"https:\/\/www.europesays.com\/ee\/wp-json\/wp\/v2\/comments?post=253464"}],"version-history":[{"count":0,"href":"https:\/\/www.europesays.com\/ee\/wp-json\/wp\/v2\/posts\/253464\/revisions"}],"wp:featuredmedia":[{"embeddable":true,"href":"https:\/\/www.europesays.com\/ee\/wp-json\/wp\/v2\/media\/253465"}],"wp:attachment":[{"href":"https:\/\/www.europesays.com\/ee\/wp-json\/wp\/v2\/media?parent=253464"}],"wp:term":[{"taxonomy":"category","embeddable":true,"href":"https:\/\/www.europesays.com\/ee\/wp-json\/wp\/v2\/categories?post=253464"},{"taxonomy":"post_tag","embeddable":true,"href":"https:\/\/www.europesays.com\/ee\/wp-json\/wp\/v2\/tags?post=253464"}],"curies":[{"name":"wp","href":"https:\/\/api.w.org\/{rel}","templated":true}]}}